{"id":250149,"date":"2025-07-14T20:51:15","date_gmt":"2025-07-14T20:51:15","guid":{"rendered":"https:\/\/www.europesays.com\/fr\/250149\/"},"modified":"2025-07-14T20:51:15","modified_gmt":"2025-07-14T20:51:15","slug":"ligue-1-le-racing-poursuit-sa-preparation-et-retrouve-lemarechal-et-doukoure","status":"publish","type":"post","link":"https:\/\/www.europesays.com\/fr\/250149\/","title":{"rendered":"Ligue 1. Le Racing\u00a0poursuit sa pr\u00e9paration et retrouve Lemarechal et Doukour\u00e9"},"content":{"rendered":"<p>Demi-finalistes de l\u2019Euro Espoirs, tomb\u00e9s le 25\u00a0juin aux portes de la finale contre des Allemands plus r\u00e9alistes dans les deux surfaces (3-0), <a href=\"https:\/\/www.dna.fr\/p\/ismael-doukoure\" target=\"_blank\" rel=\"noopener\">Isma\u00ebl Doukour\u00e9<\/a> et F\u00e9lix Lemarechal avaient eu droit de reprendre un peu plus tard que leurs co\u00e9quipiers.<\/p>\n<p>Leur retour \u00e9tait programm\u00e9 ce lundi. Ni le d\u00e9fenseur \u2013 sous contrat jusqu\u2019en juin\u00a02026 et d\u00e9sormais plus ancien de l\u2019effectif du Racing depuis le d\u00e9part de <a href=\"https:\/\/www.dna.fr\/p\/habib-diarra\" target=\"_blank\" rel=\"noopener\">Habib Diarra<\/a> pour Sunderland \u2013, ni le milieu offensif \u2013 dont le bail court jusqu\u2019en juin\u00a02029 \u2013 ne manquaient \u00e0 l\u2019appel.<\/p>\n<p>Premi\u00e8re s\u00e9ance collective pour Souma\u00efla Coulibaly<\/p>\n<p>Les deux \u201cretardataires\u201d n\u2019ont pas b\u00e9n\u00e9fici\u00e9 d\u2019un programme de reprise adapt\u00e9. Comme leurs co\u00e9quipiers, ils ont commenc\u00e9 la&#8230;<\/p>\n","protected":false},"excerpt":{"rendered":"Demi-finalistes de l\u2019Euro Espoirs, tomb\u00e9s le 25\u00a0juin aux portes de la finale contre des Allemands plus r\u00e9alistes dans&hellip;\n","protected":false},"author":2,"featured_media":250150,"comment_status":"","ping_status":"","sticky":false,"template":"","format":"standard","meta":{"footnotes":""},"categories":[2820],"tags":[1111,11,2880,1777,674,107,63,1011,27,775,12,9371,25,517,640,2879],"class_list":{"0":"post-250149","1":"post","2":"type-post","3":"status-publish","4":"format-standard","5":"has-post-thumbnail","7":"category-strasbourg","8":"tag-actu","9":"tag-actualites","10":"tag-edition-strasbourg","11":"tag-eu","12":"tag-europe","13":"tag-fil-info","14":"tag-football","15":"tag-fr","16":"tag-france","17":"tag-grand-est","18":"tag-news","19":"tag-rcsa-racing-club-strasbourg","20":"tag-republique-francaise","21":"tag-sport","22":"tag-strasbourg","23":"tag-strasbourg-ville"},"share_on_mastodon":{"url":"https:\/\/pubeurope.com\/@fr\/114853568997102659","error":""},"_links":{"self":[{"href":"https:\/\/www.europesays.com\/fr\/wp-json\/wp\/v2\/posts\/250149","targetHints":{"allow":["GET"]}}],"collection":[{"href":"https:\/\/www.europesays.com\/fr\/wp-json\/wp\/v2\/posts"}],"about":[{"href":"https:\/\/www.europesays.com\/fr\/wp-json\/wp\/v2\/types\/post"}],"author":[{"embeddable":true,"href":"https:\/\/www.europesays.com\/fr\/wp-json\/wp\/v2\/users\/2"}],"replies":[{"embeddable":true,"href":"https:\/\/www.europesays.com\/fr\/wp-json\/wp\/v2\/comments?post=250149"}],"version-history":[{"count":0,"href":"https:\/\/www.europesays.com\/fr\/wp-json\/wp\/v2\/posts\/250149\/revisions"}],"wp:featuredmedia":[{"embeddable":true,"href":"https:\/\/www.europesays.com\/fr\/wp-json\/wp\/v2\/media\/250150"}],"wp:attachment":[{"href":"https:\/\/www.europesays.com\/fr\/wp-json\/wp\/v2\/media?parent=250149"}],"wp:term":[{"taxonomy":"category","embeddable":true,"href":"https:\/\/www.europesays.com\/fr\/wp-json\/wp\/v2\/categories?post=250149"},{"taxonomy":"post_tag","embeddable":true,"href":"https:\/\/www.europesays.com\/fr\/wp-json\/wp\/v2\/tags?post=250149"}],"curies":[{"name":"wp","href":"https:\/\/api.w.org\/{rel}","templated":true}]}}