{"id":250151,"date":"2025-07-14T20:52:10","date_gmt":"2025-07-14T20:52:10","guid":{"rendered":"https:\/\/www.europesays.com\/fr\/250151\/"},"modified":"2025-07-14T20:52:10","modified_gmt":"2025-07-14T20:52:10","slug":"soupcons-de-corruption-une-agente-suspendue-a-beausoleil","status":"publish","type":"post","link":"https:\/\/www.europesays.com\/fr\/250151\/","title":{"rendered":"Soup\u00e7ons de corruption: une agente suspendue \u00e0 Beausoleil"},"content":{"rendered":"<p>Voil\u00e0 une affaire dont se serait bien pass\u00e9e la mairie de Beausoleil.<\/p>\n<p>Au mois de mai, Johana(*), une fonctionnaire travaillant pour le compte de la Ville, a \u00e9t\u00e9 plac\u00e9e en garde \u00e0 vue et d\u00e9f\u00e9r\u00e9e. Elle est sortie libre, mais sous contr\u00f4le judiciaire, dans l\u2019attente de son jugement pour \u00ab\u00a0corruption passive\u00a0\u00bb pr\u00e9vu \u00e0 la rentr\u00e9e, le mercredi 17 septembre, devant le tribunal correctionnel de Nice.<\/p>\n<p>Des proc\u00e9dures acc\u00e9l\u00e9r\u00e9es en \u00e9change d\u2019argent?<\/p>\n<p>Mais que s\u2019est-il donc pass\u00e9? Entre 2021 et 2023, cette fonctionnaire qui disposait d\u2019une d\u00e9l\u00e9gation de signature pour l\u2019accueil des \u00e9trangers aurait monnay\u00e9 son intervention sur plusieurs dossiers d\u2019\u00e9trangers, pour acc\u00e9l\u00e9rer les d\u00e9marches. Cette agente territoriale au service de Beausoleil depuis les ann\u00e9es 1990s\u2019occupait d\u2019un \u00ab\u00a0bureau des \u00e9trangers\u00a0\u00bb en mairie, au sein du service \u00ab\u00a0\u00c9tat civil\u00a0\u00bb. Elle avait pour mission de mettre en forme les dossiers de demandes de titres de s\u00e9jour ou de renouvellement avant leur transfert en Pr\u00e9fecture. Une sorte de travail pr\u00e9paratoire.<\/p>\n<p>De par ses missions, cette quinquag\u00e9naire, qui n\u2019avait jamais fait parler d\u2019elle jusque-l\u00e0, \u00e9tait amen\u00e9e \u00e0 rencontrer un bon nombre de personnes immigr\u00e9es.<\/p>\n<p>C\u2019est d\u2019ailleurs, selon nos informations, une association d\u2019\u00e9trangers qui aurait donn\u00e9 l\u2019alerte, dont certains membres auraient assur\u00e9 avoir remis une certaine somme d\u2019argent contre une proc\u00e9dure acc\u00e9l\u00e9r\u00e9e.<\/p>\n<p>La Ville de Beausoleil va se constituer partie civile<\/p>\n<p>\u00ab\u00a0Les \u00e9l\u00e9ments avanc\u00e9s par cette association peuvent laisser penser qu\u2019il y aurait eu abus dans le cadre de ses missions communales\u00a0\u00bb, assure Ma\u00eetre Fran\u00e7ois-Xavier Vincensini, avocat de la commune, n\u2019omettant pas de pr\u00e9ciser qu\u2019avant jugement, cette fonctionnaire est toujours pr\u00e9sum\u00e9e innocente.<\/p>\n<p>Lorsque les pr\u00e9sum\u00e9s faits sont arriv\u00e9s aux oreilles de la municipalit\u00e9, le maire G\u00e9rard Spinelli a enclench\u00e9 l\u2019article 40 du Code de proc\u00e9dure p\u00e9nal pour alerter le procureur de la R\u00e9publique de Nice, Damien Martinelli.<\/p>\n<p>\u00ab\u00a0D\u00e8s qu\u2019on n\u2019en a \u00e9t\u00e9 inform\u00e9, on a \u00e9t\u00e9 intransigeant dans le signalement. Maintenant on laisse faire la justice et on se soumettra \u00e0 cette d\u00e9cision\u00a0\u00bb, commente l\u2019avocat de la Ville.<\/p>\n<p>La fonctionnaire a \u00e9t\u00e9 suspendue en attente de la d\u00e9cision de justice, et par ailleurs, son contr\u00f4le judiciaire lui interdit d\u2019exercer en mairie de Beausoleil.<\/p>\n<p>Par le biais de son conseil, la commune annonce qu\u2019elle se portera partie civile, et demandera des dommages et int\u00e9r\u00eats, dans le cas o\u00f9 Johana serait condamn\u00e9e le 17 septembre prochain.<\/p>\n<p>Contact\u00e9, l\u2019avocat de la d\u00e9fense n\u2019a pas souhait\u00e9 s\u2019\u00e9pancher davantage sur cette affaire, qualifiant tout de m\u00eame le dossier de \u00ab\u00a0tr\u00e8s volumineux\u00a0\u00bb au regard de sa complexit\u00e9.<\/p>\n<p>* Le pr\u00e9nom a \u00e9t\u00e9 chang\u00e9.<\/p>\n","protected":false},"excerpt":{"rendered":"Voil\u00e0 une affaire dont se serait bien pass\u00e9e la mairie de Beausoleil. Au mois de mai, Johana(*), une&hellip;\n","protected":false},"author":2,"featured_media":250152,"comment_status":"","ping_status":"","sticky":false,"template":"","format":"standard","meta":{"footnotes":""},"categories":[2819],"tags":[1111,11,1777,674,1011,27,303,12,2401,882,25],"class_list":{"0":"post-250151","1":"post","2":"type-post","3":"status-publish","4":"format-standard","5":"has-post-thumbnail","7":"category-nice","8":"tag-actu","9":"tag-actualites","10":"tag-eu","11":"tag-europe","12":"tag-fr","13":"tag-france","14":"tag-justice","15":"tag-news","16":"tag-nice","17":"tag-provence-alpes-cote-dazur","18":"tag-republique-francaise"},"share_on_mastodon":{"url":"https:\/\/pubeurope.com\/@fr\/114853572980081536","error":""},"_links":{"self":[{"href":"https:\/\/www.europesays.com\/fr\/wp-json\/wp\/v2\/posts\/250151","targetHints":{"allow":["GET"]}}],"collection":[{"href":"https:\/\/www.europesays.com\/fr\/wp-json\/wp\/v2\/posts"}],"about":[{"href":"https:\/\/www.europesays.com\/fr\/wp-json\/wp\/v2\/types\/post"}],"author":[{"embeddable":true,"href":"https:\/\/www.europesays.com\/fr\/wp-json\/wp\/v2\/users\/2"}],"replies":[{"embeddable":true,"href":"https:\/\/www.europesays.com\/fr\/wp-json\/wp\/v2\/comments?post=250151"}],"version-history":[{"count":0,"href":"https:\/\/www.europesays.com\/fr\/wp-json\/wp\/v2\/posts\/250151\/revisions"}],"wp:featuredmedia":[{"embeddable":true,"href":"https:\/\/www.europesays.com\/fr\/wp-json\/wp\/v2\/media\/250152"}],"wp:attachment":[{"href":"https:\/\/www.europesays.com\/fr\/wp-json\/wp\/v2\/media?parent=250151"}],"wp:term":[{"taxonomy":"category","embeddable":true,"href":"https:\/\/www.europesays.com\/fr\/wp-json\/wp\/v2\/categories?post=250151"},{"taxonomy":"post_tag","embeddable":true,"href":"https:\/\/www.europesays.com\/fr\/wp-json\/wp\/v2\/tags?post=250151"}],"curies":[{"name":"wp","href":"https:\/\/api.w.org\/{rel}","templated":true}]}}