{"id":250153,"date":"2025-07-14T20:53:17","date_gmt":"2025-07-14T20:53:17","guid":{"rendered":"https:\/\/www.europesays.com\/fr\/250153\/"},"modified":"2025-07-14T20:53:17","modified_gmt":"2025-07-14T20:53:17","slug":"rc-vannes-massimo-ortolan-ancien-joueur-du-club-signe-a-nice-sport-2","status":"publish","type":"post","link":"https:\/\/www.europesays.com\/fr\/250153\/","title":{"rendered":"RC Vannes. Massimo Ortolan, ancien joueur du club, signe \u00e0 Nice . Sport"},"content":{"rendered":"<p>Massimo Ortolan, ancien demi-d\u2019ouverture du RC Vannes, signe \u00e0 Nice, en Nationale. Le club morbihannais l\u2019avait lib\u00e9r\u00e9 fin juin. La saison pass\u00e9e, <a href=\"https:\/\/vannes.maville.com\/sport\/detail_-rc-vannes.-massimo-ortolan-prete-a-soyaux-angouleme-_12-6666190_actu.Htm\" target=\"_self\" rel=\"noopener\">il avait \u00e9t\u00e9 pr\u00eat\u00e9 \u00e0 Soyaux-Angoul\u00eame (SA XV) pour jouer en Pro D2 \u00e0 la mi-saison.<\/a> Il suit Christiaan Van der Merwe, deuxi\u00e8me ligne, qui avait rompu son contrat avec le RCV en juin pour signer \u00e0 Nice.<\/p>\n<p>Le joueur de 26\u00a0ans a d\u00e9couvert le rugby au club de Cr\u00e9teil, qu\u2019il a quitt\u00e9 en 2013, avant de partir jouer \u00e0 Massy. L\u2019ancien Vannetais a jou\u00e9 pour le club de l\u2019Essonne de 2013 \u00e0 2023. Durant sa derni\u00e8re saison, \u00e0 Massy, il a marqu\u00e9 59\u00a0points, dont 2\u00a0essais, en 26\u00a0matches.<\/p>\n<p><strong>\u00c0 lire aussi\u00a0:<\/strong> <a href=\"https:\/\/vannes.maville.com\/sport\/detail_-rc-vannes.-recrues-programmes-match-amical-le-point-avant-le-top-depart-de-la-pre-saison-_12-6898287_actu.Htm\" target=\"_self\" rel=\"noopener\">RC Vannes. Recrues, programmes, match amical\u00a0: le point avant le top d\u00e9part de la pr\u00e9-saison<\/a><\/p>\n<p>Champion de France de Pro D2\u00a0avec Vannes<\/p>\n<p>Arriv\u00e9 \u00e0 Vannes \u00e0 l\u2019\u00e9t\u00e9 2023, Massimo Ortolan avait particip\u00e9 \u00e0 la mont\u00e9e en Top 14\u00a0du club durant la saison 2023-2024 en jouant 15\u00a0matches et en marquant 18\u00a0points, dont 1\u00a0essai. La saison pass\u00e9e, il a \u00e9t\u00e9 titularis\u00e9 une fois avec le RCV lors de la premi\u00e8re journ\u00e9e de Challenge Cup contre Black Lion.<\/p>\n<p>Depuis f\u00e9vrier, avec le SA XV, il a marqu\u00e9 24\u00a0points, dont 1\u00a0essai en 8\u00a0matches. La saison prochaine, il jouera donc pour le club Nissa Rugby (anciennement Stade Ni\u00e7ois), en Nationale. Pour rappel, le Nissa Rugby \u00e9tait mont\u00e9 en Pro D2\u00a0l\u2019ann\u00e9e pass\u00e9e, mais le club n\u2019a pas r\u00e9ussi \u00e0 se maintenir.<\/p>\n<p>\u00a0<\/p>\n","protected":false},"excerpt":{"rendered":"Massimo Ortolan, ancien demi-d\u2019ouverture du RC Vannes, signe \u00e0 Nice, en Nationale. Le club morbihannais l\u2019avait lib\u00e9r\u00e9 fin&hellip;\n","protected":false},"author":2,"featured_media":250040,"comment_status":"","ping_status":"","sticky":false,"template":"","format":"standard","meta":{"footnotes":""},"categories":[2819],"tags":[1111,11,3809,1465,1777,674,63,1011,27,1792,1922,2047,12,2401,882,25,479,517,1470],"class_list":{"0":"post-250153","1":"post","2":"type-post","3":"status-publish","4":"format-standard","5":"has-post-thumbnail","7":"category-nice","8":"tag-actu","9":"tag-actualites","10":"tag-ball","11":"tag-basket","12":"tag-eu","13":"tag-europe","14":"tag-football","15":"tag-fr","16":"tag-france","17":"tag-handball","18":"tag-info","19":"tag-mans","20":"tag-news","21":"tag-nice","22":"tag-provence-alpes-cote-dazur","23":"tag-republique-francaise","24":"tag-rugby","25":"tag-sport","26":"tag-volley"},"share_on_mastodon":{"url":"https:\/\/pubeurope.com\/@fr\/114853576846391547","error":""},"_links":{"self":[{"href":"https:\/\/www.europesays.com\/fr\/wp-json\/wp\/v2\/posts\/250153","targetHints":{"allow":["GET"]}}],"collection":[{"href":"https:\/\/www.europesays.com\/fr\/wp-json\/wp\/v2\/posts"}],"about":[{"href":"https:\/\/www.europesays.com\/fr\/wp-json\/wp\/v2\/types\/post"}],"author":[{"embeddable":true,"href":"https:\/\/www.europesays.com\/fr\/wp-json\/wp\/v2\/users\/2"}],"replies":[{"embeddable":true,"href":"https:\/\/www.europesays.com\/fr\/wp-json\/wp\/v2\/comments?post=250153"}],"version-history":[{"count":0,"href":"https:\/\/www.europesays.com\/fr\/wp-json\/wp\/v2\/posts\/250153\/revisions"}],"wp:featuredmedia":[{"embeddable":true,"href":"https:\/\/www.europesays.com\/fr\/wp-json\/wp\/v2\/media\/250040"}],"wp:attachment":[{"href":"https:\/\/www.europesays.com\/fr\/wp-json\/wp\/v2\/media?parent=250153"}],"wp:term":[{"taxonomy":"category","embeddable":true,"href":"https:\/\/www.europesays.com\/fr\/wp-json\/wp\/v2\/categories?post=250153"},{"taxonomy":"post_tag","embeddable":true,"href":"https:\/\/www.europesays.com\/fr\/wp-json\/wp\/v2\/tags?post=250153"}],"curies":[{"name":"wp","href":"https:\/\/api.w.org\/{rel}","templated":true}]}}