{"id":250165,"date":"2025-07-14T21:03:09","date_gmt":"2025-07-14T21:03:09","guid":{"rendered":"https:\/\/www.europesays.com\/fr\/250165\/"},"modified":"2025-07-14T21:03:09","modified_gmt":"2025-07-14T21:03:09","slug":"un-signal-donne-aux-armateurs-et-aux-capitaines-le-proprietaire-dun-catamaran-condamne-pour-destruction-de-posidonie-dans-les-calanques-de-marseille","status":"publish","type":"post","link":"https:\/\/www.europesays.com\/fr\/250165\/","title":{"rendered":"\u00ab\u00a0Un signal donn\u00e9 aux armateurs et aux capitaines\u00a0\u00bb: le propri\u00e9taire d&rsquo;un catamaran condamn\u00e9 pour destruction de posidonie dans les calanques de Marseille"},"content":{"rendered":"<p>La premi\u00e8re judiciaire s\u2019est confirm\u00e9e. Le propri\u00e9taire d\u2019un catamaran de tourisme a \u00e9t\u00e9 condamn\u00e9 par le tribunal maritime de Marseille pour destruction de posidonie, apr\u00e8s que son voilier a jet\u00e9 l\u2019ancre dans un herbier marin \u00e0 l\u2019int\u00e9rieur du parc national des Calanques (Bouches-du-Rh\u00f4ne).<\/p>\n<p>Le jugement rendu le 12 juin est devenu d\u00e9finitif, sans \u00eatre frapp\u00e9 d\u2019appel. Pour l\u2019essentiel, le tribunal a octroy\u00e9 aux parties civiles les sommes r\u00e9clam\u00e9es.<\/p>\n<p>\u00ab\u00a0Les sommes obtenues en r\u00e9paration seront affect\u00e9es \u00e0 la mise en \u0153uvre d\u2019un plan d\u2019organisation des mouillages, d\u00e9taille Me S\u00e9bastien Mabile, avocat du parc des Calanques. Cela viendra abonder le dispositif de protection des herbiers de posidonie.\u00a0\u00bb<\/p>\n<p>49.000 euros de dommages et int\u00e9r\u00eats, mais aussi une r\u00e9paration pour l\u2019atteinte aux missions et \u00e0 l\u2019image du parc (3.000 et 2.000 euros).<\/p>\n<p>Si la peine d\u2019amende (50.000 euros) a \u00e9t\u00e9 prononc\u00e9e avec sursis, c\u2019est pour tenir compte de la situation de liquidation judiciaire de la SARL Levantin.<\/p>\n<p>Et laisser une (tr\u00e8s petite) chance aux parties civiles d\u2019obtenir r\u00e9paration.<\/p>\n<p>\u00ab\u00a0Un signal donn\u00e9\u00a0\u00bb \u00e0 la grande plaisance<\/p>\n<p>\u00ab\u00a0L\u2019armateur avait donn\u00e9 des directives claires aux capitaines, pour prendre les touristes tous les jours, et mouiller \u00e0 ces endroits-l\u00e0, analyse Me Isabelle Vergnoux, aux int\u00e9r\u00eats de France nature environnement (FNE) Paca, autre partie civile. La proc\u00e9dure montre que cela co\u00fbte tr\u00e8s cher de d\u00e9truire des herbiers.\u00a0\u00bb<\/p>\n<p>Dans le petit monde de la grande plaisance, l\u2019avocate ne doute pas que \u00ab\u00a0les infos circulent vite\u00a0\u00bb et que \u00ab\u00a0les armateurs se renseignent sur cette jurisprudence\u00a0\u00bb.<\/p>\n<p>\u00ab\u00a0Ce jugement est r\u00e9v\u00e9lateur de la pression sous-jacente sur les milieux naturels, pour faire du chiffre, abonde Laurent Scheyer, directeur adjoint au parc des Calanques. C\u2019est bien un signal donn\u00e9 aux armateurs et aux capitaines.\u00a0\u00bb<\/p>\n<p>Pilier de l\u2019\u00e9cosyst\u00e8me marin, la posidonie est strictement prot\u00e9g\u00e9e. Les bateaux de plus de 24m ont interdiction d\u2019y jeter leur ancre \u2013 sur certains sites, l\u2019interdiction est totale.<\/p>\n<p>Mesurant plus de 24m, le catamaran E. Colorato avait \u00e9t\u00e9 verbalis\u00e9 deux fois (juillet 2021 et avril 2022) sur des sites interdits, dans les calanques de Sugiton et Sormiou.<\/p>\n<p>\u00ab\u00a0M\u00eame si le capitaine est le pr\u00e9pos\u00e9 de riches armateurs, il doit refuser les instructions donn\u00e9es, commente Me Mabile, d\u00e8s lors qu\u2019on lui demande de mouiller dans un secteur riche en posidonie.\u00a0\u00bb<\/p>\n<p>Car lui aussi, peut \u00eatre poursuivi.<\/p>\n<p>Dans ce dossier, les deux capitaines avaient accept\u00e9 une composition p\u00e9nale et \u00e9cop\u00e9 d\u2019une moindre peine.<\/p>\n","protected":false},"excerpt":{"rendered":"La premi\u00e8re judiciaire s\u2019est confirm\u00e9e. Le propri\u00e9taire d\u2019un catamaran de tourisme a \u00e9t\u00e9 condamn\u00e9 par le tribunal maritime&hellip;\n","protected":false},"author":2,"featured_media":250166,"comment_status":"","ping_status":"","sticky":false,"template":"","format":"standard","meta":{"footnotes":""},"categories":[2814],"tags":[1111,11,1129,436,1777,674,1011,27,303,884,12,882,25],"class_list":{"0":"post-250165","1":"post","2":"type-post","3":"status-publish","4":"format-standard","5":"has-post-thumbnail","7":"category-marseille","8":"tag-actu","9":"tag-actualites","10":"tag-climat","11":"tag-environnement","12":"tag-eu","13":"tag-europe","14":"tag-fr","15":"tag-france","16":"tag-justice","17":"tag-marseille","18":"tag-news","19":"tag-provence-alpes-cote-dazur","20":"tag-republique-francaise"},"share_on_mastodon":{"url":"https:\/\/pubeurope.com\/@fr\/114853616197780320","error":""},"_links":{"self":[{"href":"https:\/\/www.europesays.com\/fr\/wp-json\/wp\/v2\/posts\/250165","targetHints":{"allow":["GET"]}}],"collection":[{"href":"https:\/\/www.europesays.com\/fr\/wp-json\/wp\/v2\/posts"}],"about":[{"href":"https:\/\/www.europesays.com\/fr\/wp-json\/wp\/v2\/types\/post"}],"author":[{"embeddable":true,"href":"https:\/\/www.europesays.com\/fr\/wp-json\/wp\/v2\/users\/2"}],"replies":[{"embeddable":true,"href":"https:\/\/www.europesays.com\/fr\/wp-json\/wp\/v2\/comments?post=250165"}],"version-history":[{"count":0,"href":"https:\/\/www.europesays.com\/fr\/wp-json\/wp\/v2\/posts\/250165\/revisions"}],"wp:featuredmedia":[{"embeddable":true,"href":"https:\/\/www.europesays.com\/fr\/wp-json\/wp\/v2\/media\/250166"}],"wp:attachment":[{"href":"https:\/\/www.europesays.com\/fr\/wp-json\/wp\/v2\/media?parent=250165"}],"wp:term":[{"taxonomy":"category","embeddable":true,"href":"https:\/\/www.europesays.com\/fr\/wp-json\/wp\/v2\/categories?post=250165"},{"taxonomy":"post_tag","embeddable":true,"href":"https:\/\/www.europesays.com\/fr\/wp-json\/wp\/v2\/tags?post=250165"}],"curies":[{"name":"wp","href":"https:\/\/api.w.org\/{rel}","templated":true}]}}