{"id":250175,"date":"2025-07-14T21:11:24","date_gmt":"2025-07-14T21:11:24","guid":{"rendered":"https:\/\/www.europesays.com\/fr\/250175\/"},"modified":"2025-07-14T21:11:24","modified_gmt":"2025-07-14T21:11:24","slug":"paris-les-locaux-de-louis-vuitton-cambrioles-un-prejudice-estime-a-un-million-deuros","status":"publish","type":"post","link":"https:\/\/www.europesays.com\/fr\/250175\/","title":{"rendered":"Paris\u00a0: les locaux de Louis Vuitton cambriol\u00e9s, un pr\u00e9judice estim\u00e9 \u00e0 un million d\u2019euros"},"content":{"rendered":"<p class=\"paragraph text_align_left lp-f-body-02\">Le vol s\u2019est d\u00e9roul\u00e9 au milieu de la nuit, au d\u00e9but de ce week-end <a href=\"https:\/\/www.leparisien.fr\/politique\/defile-du-14-juillet-defile-aerien-troupes-a-pied-le-programme-complet-minute-par-minute-13-07-2025-3CH2BMOWKBGQNHBOBT47I6TABI.php\" target=\"_self\" rel=\"nofollow noopener\">prolong\u00e9 par le 14 juillet<\/a>. D\u2019apr\u00e8s une source polici\u00e8re, il \u00e9tait 00h30 quand deux individus, cagoule sur la t\u00eate et gants aux mains, ont p\u00e9n\u00e9tr\u00e9 dans les locaux de l\u2019enseigne de luxe Louis Vuitton (qui appartient au groupe LVMH, \u00e9galement propri\u00e9taire du Parisien-Aujourd\u2019hui en France), rue du Louvre, dans le <a href=\"https:\/\/www.leparisien.fr\/paris-75\/paris-75001\/\" target=\"_self\" rel=\"nofollow noopener\">Ier arrondissement<\/a> de <a href=\"https:\/\/www.leparisien.fr\/paris-75\/\" target=\"_self\" rel=\"nofollow noopener\">Paris<\/a>.<\/p>\n<p class=\"paragraph text_align_left lp-f-body-02\">D\u2019apr\u00e8s les premiers \u00e9l\u00e9ments, les deux cambrioleurs ont acc\u00e9d\u00e9 au deuxi\u00e8me \u00e9tage du b\u00e2timent, ont fractur\u00e9 une porte et ont d\u00e9rob\u00e9 plusieurs sacs \u00e0 main de (tr\u00e8s) grande valeur. Contact\u00e9, le parquet de Paris fait savoir que \u00ab le pr\u00e9judice est en cours d\u2019\u00e9valuation \u00bb. D\u2019apr\u00e8s nos informations, il serait d\u00e9j\u00e0 estim\u00e9 \u00e0 un plus d\u2019un million d\u2019euros.<\/p>\n<p class=\"paragraph text_align_left lp-f-body-02\">Pour l\u2019heure, les deux individus n\u2019ont pas \u00e9t\u00e9 interpell\u00e9s, poursuit le parquet de Paris. Des analyses des images de vid\u00e9osurveillance sont en cours, en m\u00eame temps que des investigations autour de la t\u00e9l\u00e9phonie. Le parquet indique qu\u2019une enqu\u00eate a \u00e9t\u00e9 ouverte pour vol en bande organis\u00e9e. Elle a \u00e9t\u00e9 confi\u00e9e \u00e0 la brigade de r\u00e9pression du banditisme (BRB).<\/p>\n<p class=\"paragraph text_align_left lp-f-body-02\">En mai dernier, <a href=\"https:\/\/www.leparisien.fr\/faits-divers\/paris-une-boutique-de-luxe-cambriolee-pour-la-troisieme-fois-en-un-an-12-05-2025-RWXEM6RW5RDUTAXJP4G3MK6RT4.php\" target=\"_self\" rel=\"nofollow noopener\">la m\u00eame marque avait d\u00e9j\u00e0 \u00e9t\u00e9 cibl\u00e9e par des malfrats<\/a>, cette fois dans sa boutique suit\u00e9e boulevard Saint-Germain, dans le VIe arrondissement de la capitale. Avec une voiture-b\u00e9lier, trois individus avaient d\u00e9rob\u00e9 des articles de luxe. \u00c0 l\u2019automne 2024, <a href=\"https:\/\/www.leparisien.fr\/paris-75\/paris-la-boutique-louis-vuitton-du-boulevard-saint-germain-attaquee-a-la-voiture-belier-11-11-2024-CG7WX2OBWVGEFK2MVW6JAMTGUI.php\" target=\"_self\" rel=\"nofollow noopener\">cette m\u00eame boutique avait d\u00e9j\u00e0 \u00e9t\u00e9 le th\u00e9\u00e2tre de deux cambriolages<\/a>.<\/p>\n","protected":false},"excerpt":{"rendered":"Le vol s\u2019est d\u00e9roul\u00e9 au milieu de la nuit, au d\u00e9but de ce week-end prolong\u00e9 par le 14&hellip;\n","protected":false},"author":2,"featured_media":139404,"comment_status":"","ping_status":"","sticky":false,"template":"","format":"standard","meta":{"footnotes":""},"categories":[1888],"tags":[1111,1928,11,1927,1777,674,1011,27,1944,12,1926,626,1925,25],"class_list":{"0":"post-250175","1":"post","2":"type-post","3":"status-publish","4":"format-standard","5":"has-post-thumbnail","7":"category-paris","8":"tag-actu","9":"tag-actu-paris","10":"tag-actualites","11":"tag-actualites-paris","12":"tag-eu","13":"tag-europe","14":"tag-fr","15":"tag-france","16":"tag-ma-ville","17":"tag-news","18":"tag-news-paris","19":"tag-paris","20":"tag-paris-news","21":"tag-republique-francaise"},"share_on_mastodon":{"url":"https:\/\/pubeurope.com\/@fr\/114853647930213933","error":""},"_links":{"self":[{"href":"https:\/\/www.europesays.com\/fr\/wp-json\/wp\/v2\/posts\/250175","targetHints":{"allow":["GET"]}}],"collection":[{"href":"https:\/\/www.europesays.com\/fr\/wp-json\/wp\/v2\/posts"}],"about":[{"href":"https:\/\/www.europesays.com\/fr\/wp-json\/wp\/v2\/types\/post"}],"author":[{"embeddable":true,"href":"https:\/\/www.europesays.com\/fr\/wp-json\/wp\/v2\/users\/2"}],"replies":[{"embeddable":true,"href":"https:\/\/www.europesays.com\/fr\/wp-json\/wp\/v2\/comments?post=250175"}],"version-history":[{"count":0,"href":"https:\/\/www.europesays.com\/fr\/wp-json\/wp\/v2\/posts\/250175\/revisions"}],"wp:featuredmedia":[{"embeddable":true,"href":"https:\/\/www.europesays.com\/fr\/wp-json\/wp\/v2\/media\/139404"}],"wp:attachment":[{"href":"https:\/\/www.europesays.com\/fr\/wp-json\/wp\/v2\/media?parent=250175"}],"wp:term":[{"taxonomy":"category","embeddable":true,"href":"https:\/\/www.europesays.com\/fr\/wp-json\/wp\/v2\/categories?post=250175"},{"taxonomy":"post_tag","embeddable":true,"href":"https:\/\/www.europesays.com\/fr\/wp-json\/wp\/v2\/tags?post=250175"}],"curies":[{"name":"wp","href":"https:\/\/api.w.org\/{rel}","templated":true}]}}