{"id":250178,"date":"2025-07-14T21:13:11","date_gmt":"2025-07-14T21:13:11","guid":{"rendered":"https:\/\/www.europesays.com\/fr\/250178\/"},"modified":"2025-07-14T21:13:11","modified_gmt":"2025-07-14T21:13:11","slug":"paris-leleve-officier-decede-avant-le-defile-du-14-juillet-etait-originaire-de-haute-loire","status":"publish","type":"post","link":"https:\/\/www.europesays.com\/fr\/250178\/","title":{"rendered":"Paris. L\u2019\u00e9l\u00e8ve officier d\u00e9c\u00e9d\u00e9 avant le d\u00e9fil\u00e9 du 14-Juillet \u00e9tait originaire de Haute-Loire"},"content":{"rendered":"<p>Dans la nuit de samedi \u00e0 dimanche, le sous-lieutenant Antoine Alix, pr\u00e9sent \u00e0 Paris pour participer au d\u00e9fil\u00e9 militaire du 14 juillet, est d\u00e9c\u00e9d\u00e9 des suites d\u2019une chute accidentelle de pr\u00e8s d\u2019une quinzaine de m\u00e8tres d\u2019un pont dans le 18e arrondissement de Paris. Il n&rsquo;\u00e9tait pas en service.<\/p>\n<p>\u00c2g\u00e9 de 32 ans, il \u00e9tait originaire de Rosi\u00e8res, en Haute-Loire, <a href=\"https:\/\/www.leveil.fr\/rosieres-43800\/faits-divers\/le-militaire-decede-accidentellement-a-paris-etait-originaire-de-haute-loire_14721133\/\" target=\"_blank\" rel=\"noopener\">selon les informations de L&rsquo;Eveil<\/a>. Ces derni\u00e8res ann\u00e9es, il avait particip\u00e9 \u00e0 plusieurs c\u00e9r\u00e9monies comm\u00e9moratives dans cette commune.<\/p>\n<p>\u00ab Les investigations se poursuivent\u00a0\u00bb<\/p>\n<p>Engag\u00e9 depuis dix ans dans l\u2019arm\u00e9e de Terre, il avait particip\u00e9 \u00e0 deux op\u00e9rations ext\u00e9rieures au Sahel, r\u00e9v\u00e8le le minist\u00e8re des Arm\u00e9es dans un communiqu\u00e9 de presse publi\u00e9 le 13\u00a0juillet. Il \u00e9tait en train de terminer sa formation \u00e0 l\u2019Acad\u00e9mie militaire de Saint-Cyr.<\/p>\n<p>Le parquet de Paris a fait savoir que \u00ab\u00a0les investigations se poursuivent afin de d\u00e9terminer les circonstances du d\u00e9c\u00e8s\u00a0\u00bb.<\/p>\n","protected":false},"excerpt":{"rendered":"Dans la nuit de samedi \u00e0 dimanche, le sous-lieutenant Antoine Alix, pr\u00e9sent \u00e0 Paris pour participer au d\u00e9fil\u00e9&hellip;\n","protected":false},"author":2,"featured_media":250179,"comment_status":"","ping_status":"","sticky":false,"template":"","format":"standard","meta":{"footnotes":""},"categories":[1888],"tags":[119,11,3206,10446,1777,674,274,107,1011,27,4002,12,626,25,39041,26506],"class_list":{"0":"post-250178","1":"post","2":"type-post","3":"status-publish","4":"format-standard","5":"has-post-thumbnail","7":"category-paris","8":"tag-accident","9":"tag-actualites","10":"tag-defense-guerre-conflit","11":"tag-edition-haute-loire","12":"tag-eu","13":"tag-europe","14":"tag-faits-divers-justice","15":"tag-fil-info","16":"tag-fr","17":"tag-france","18":"tag-haute-loire","19":"tag-news","20":"tag-paris","21":"tag-republique-francaise","22":"tag-rosieres","23":"tag-saint-julien-chapteuil-bassin"},"share_on_mastodon":{"url":"https:\/\/pubeurope.com\/@fr\/114853655513049605","error":""},"_links":{"self":[{"href":"https:\/\/www.europesays.com\/fr\/wp-json\/wp\/v2\/posts\/250178","targetHints":{"allow":["GET"]}}],"collection":[{"href":"https:\/\/www.europesays.com\/fr\/wp-json\/wp\/v2\/posts"}],"about":[{"href":"https:\/\/www.europesays.com\/fr\/wp-json\/wp\/v2\/types\/post"}],"author":[{"embeddable":true,"href":"https:\/\/www.europesays.com\/fr\/wp-json\/wp\/v2\/users\/2"}],"replies":[{"embeddable":true,"href":"https:\/\/www.europesays.com\/fr\/wp-json\/wp\/v2\/comments?post=250178"}],"version-history":[{"count":0,"href":"https:\/\/www.europesays.com\/fr\/wp-json\/wp\/v2\/posts\/250178\/revisions"}],"wp:featuredmedia":[{"embeddable":true,"href":"https:\/\/www.europesays.com\/fr\/wp-json\/wp\/v2\/media\/250179"}],"wp:attachment":[{"href":"https:\/\/www.europesays.com\/fr\/wp-json\/wp\/v2\/media?parent=250178"}],"wp:term":[{"taxonomy":"category","embeddable":true,"href":"https:\/\/www.europesays.com\/fr\/wp-json\/wp\/v2\/categories?post=250178"},{"taxonomy":"post_tag","embeddable":true,"href":"https:\/\/www.europesays.com\/fr\/wp-json\/wp\/v2\/tags?post=250178"}],"curies":[{"name":"wp","href":"https:\/\/api.w.org\/{rel}","templated":true}]}}