{"id":250184,"date":"2025-07-14T21:16:09","date_gmt":"2025-07-14T21:16:09","guid":{"rendered":"https:\/\/www.europesays.com\/fr\/250184\/"},"modified":"2025-07-14T21:16:09","modified_gmt":"2025-07-14T21:16:09","slug":"lentree-nord-du-grand-canyon-fermee-pour-le-reste-de-la-saison-a-cause-des-incendies","status":"publish","type":"post","link":"https:\/\/www.europesays.com\/fr\/250184\/","title":{"rendered":"L\u2019entr\u00e9e nord du Grand Canyon ferm\u00e9e pour le reste de la saison \u00e0 cause des incendies"},"content":{"rendered":"<p>Le c\u00e9l\u00e8bre parc national du <a href=\"https:\/\/www.20minutes.fr\/monde\/etats-unis\/4163341-20250711-etats-unis-touristes-evacues-grand-canyon-face-avancee-feu-foret\" target=\"_blank\" class=\"color-ultramarine c-link\" rel=\"noopener\">Grand Canyon<\/a>, en <a href=\"https:\/\/www.20minutes.fr\/dossier\/arizona\" target=\"_blank\" class=\"color-ultramarine c-link\" rel=\"noopener\">Arizona<\/a>, restera partiellement inaccessible cet \u00e9t\u00e9. La partie nord (North Rim), plus sauvage et moins fr\u00e9quent\u00e9e que la partie sud, a \u00e9t\u00e9 totalement ferm\u00e9e au public apr\u00e8s un violent <a href=\"https:\/\/www.20minutes.fr\/dossier\/incendie\" target=\"_blank\" class=\"color-ultramarine c-link\" rel=\"noopener\">incendie<\/a> qui a d\u00e9truit entre 50 et 80 b\u00e2timents, dont le seul h\u00f4tel historique de la zone. La fermeture est effective jusqu\u2019au 15\u00a0octobre, fin de la saison\u00a02025, a annonc\u00e9 l\u2019administration du parc.<\/p>\n<p>L\u2019origine du sinistre remonte au 4\u00a0juillet, lorsqu\u2019un feu d\u00e9clench\u00e9 par la foudre a pris dans la zone. Il s\u2019est largement propag\u00e9 au cours du week-end suivant sous l\u2019effet de <a href=\"https:\/\/www.20minutes.fr\/dossier\/vent\" target=\"_blank\" class=\"color-ultramarine c-link\" rel=\"noopener\">vents<\/a> violents. Malgr\u00e9 l\u2019intervention des <a href=\"https:\/\/www.20minutes.fr\/dossier\/pompiers\" target=\"_blank\" class=\"color-ultramarine c-link\" rel=\"noopener\">pompiers<\/a>, les flammes ont fait de nombreux d\u00e9g\u00e2ts et contraint les autorit\u00e9s \u00e0 \u00e9vacuer plus de 500 personnes, touristes et personnels compris, jeudi et vendredi derniers.<\/p>\n<p>\u00ab\u00a0Enqu\u00eate approfondie et ind\u00e9pendante\u00a0\u00bb<\/p>\n<p>Si la partie sud (South Rim), qui accueille chaque ann\u00e9e l\u2019immense majorit\u00e9 des 4,5\u00a0millions de visiteurs, reste ouverte, le panache de fum\u00e9e visible depuis les hauteurs du canyon t\u00e9moigne encore de la violence des flammes. L\u2019affaire a \u00e9galement pris une tournure politique apr\u00e8s les critiques de la gouverneure de l\u2019Arizona, Katie Hobbs.<\/p>\n<\/p>\n<p>Cette derni\u00e8re a demand\u00e9 une \u00ab\u00a0enqu\u00eate approfondie et ind\u00e9pendante\u00a0\u00bb sur la gestion du feu par les autorit\u00e9s f\u00e9d\u00e9rales. Sur <a href=\"https:\/\/x.com\/GovernorHobbs\/status\/1944563941168005354\" rel=\"nofollow\" target=\"_blank\" class=\"color-ultramarine c-link\">X<\/a>, Katie Hobbs s\u2019est interrog\u00e9e sur la strat\u00e9gie des pompiers qui, dans un premier temps, ont choisi de laisser l\u2019incendie progresser comme un feu contr\u00f4l\u00e9. \u00ab\u00a0Les habitants de l\u2019Arizona m\u00e9ritent des r\u00e9ponses sur les raisons pour lesquelles cet incendie a pu ravager le parc national du Grand Canyon\u00a0\u00bb, a-t-elle d\u00e9nonc\u00e9.<\/p>\n<p>Les coupes budg\u00e9taires point\u00e9es du doigt<\/p>\n<p>Cette controverse survient dans un climat de tensions grandissantes autour de la gestion des incendies dans l\u2019ouest des <a href=\"https:\/\/www.20minutes.fr\/monde\/etats-unis\/\" target=\"_blank\" class=\"color-ultramarine c-link\" rel=\"noopener\">Etats-Unis<\/a>. Elle est d\u2019autant plus vive que les <a href=\"https:\/\/www.20minutes.fr\/economie\/budget\/\" target=\"_blank\" class=\"color-ultramarine c-link\" rel=\"noopener\">coupes budg\u00e9taires<\/a> d\u00e9cid\u00e9es ces derniers mois par <a href=\"https:\/\/www.20minutes.fr\/dossier\/donald_trump\" target=\"_blank\" class=\"color-ultramarine c-link\" rel=\"noopener\">Donald Trump<\/a> fragilisent les principales agences concern\u00e9es\u00a0: le Service des for\u00eats, la FEMA (Agence f\u00e9d\u00e9rale de gestion des catastrophes) et la NOAA, charg\u00e9e du suivi m\u00e9t\u00e9orologique et climatique.<\/p>\n<p><a href=\"https:\/\/www.20minutes.fr\/monde\/etats-unis\/\" target=\"_blank\" class=\"c-link c-btn c-btn--primary\" rel=\"noopener\">Notre dossier sur les Etats-Unis<\/a><\/p>\n<p>Actuellement, plus d\u2019une centaine de feux br\u00fblent \u00e0 travers l\u2019ouest du pays, selon le National Interagency Fire Center. Une cinquantaine sont consid\u00e9r\u00e9es comme hors de contr\u00f4le. En Utah, l\u2019un d\u2019eux a m\u00eame g\u00e9n\u00e9r\u00e9 une spectaculaire tornade de feu, ph\u00e9nom\u00e8ne rare mais de plus en plus observ\u00e9 en raison des conditions extr\u00eames.<\/p>\n","protected":false},"excerpt":{"rendered":"Le c\u00e9l\u00e8bre parc national du Grand Canyon, en Arizona, restera partiellement inaccessible cet \u00e9t\u00e9. La partie nord (North&hellip;\n","protected":false},"author":2,"featured_media":250185,"comment_status":"","ping_status":"","sticky":false,"template":"","format":"standard","meta":{"footnotes":""},"categories":[1589],"tags":[47,11,38500,1003,75,73,1866,1310,74,12,1062,1864,1865,1863,308],"class_list":{"0":"post-250184","1":"post","2":"type-post","3":"status-publish","4":"format-standard","5":"has-post-thumbnail","7":"category-etats-unis","8":"tag-actualite","9":"tag-actualites","10":"tag-arizona","11":"tag-budget","12":"tag-donald-trump","13":"tag-etats-unis","14":"tag-etats-unis-damerique","15":"tag-incendie","16":"tag-monde","17":"tag-news","18":"tag-polemique","19":"tag-united-states","20":"tag-united-states-of-america","21":"tag-us","22":"tag-usa"},"share_on_mastodon":{"url":"https:\/\/pubeurope.com\/@fr\/114853667398807054","error":""},"_links":{"self":[{"href":"https:\/\/www.europesays.com\/fr\/wp-json\/wp\/v2\/posts\/250184","targetHints":{"allow":["GET"]}}],"collection":[{"href":"https:\/\/www.europesays.com\/fr\/wp-json\/wp\/v2\/posts"}],"about":[{"href":"https:\/\/www.europesays.com\/fr\/wp-json\/wp\/v2\/types\/post"}],"author":[{"embeddable":true,"href":"https:\/\/www.europesays.com\/fr\/wp-json\/wp\/v2\/users\/2"}],"replies":[{"embeddable":true,"href":"https:\/\/www.europesays.com\/fr\/wp-json\/wp\/v2\/comments?post=250184"}],"version-history":[{"count":0,"href":"https:\/\/www.europesays.com\/fr\/wp-json\/wp\/v2\/posts\/250184\/revisions"}],"wp:featuredmedia":[{"embeddable":true,"href":"https:\/\/www.europesays.com\/fr\/wp-json\/wp\/v2\/media\/250185"}],"wp:attachment":[{"href":"https:\/\/www.europesays.com\/fr\/wp-json\/wp\/v2\/media?parent=250184"}],"wp:term":[{"taxonomy":"category","embeddable":true,"href":"https:\/\/www.europesays.com\/fr\/wp-json\/wp\/v2\/categories?post=250184"},{"taxonomy":"post_tag","embeddable":true,"href":"https:\/\/www.europesays.com\/fr\/wp-json\/wp\/v2\/tags?post=250184"}],"curies":[{"name":"wp","href":"https:\/\/api.w.org\/{rel}","templated":true}]}}