{"id":250188,"date":"2025-07-14T21:18:12","date_gmt":"2025-07-14T21:18:12","guid":{"rendered":"https:\/\/www.europesays.com\/fr\/250188\/"},"modified":"2025-07-14T21:18:12","modified_gmt":"2025-07-14T21:18:12","slug":"en-allemagne-friedrich-merz-souhaite-sattaquer-a-letat-providence","status":"publish","type":"post","link":"https:\/\/www.europesays.com\/fr\/250188\/","title":{"rendered":"En Allemagne, Friedrich Merz souhaite s\u2019attaquer \u00e0 l&rsquo;\u00c9tat-providence"},"content":{"rendered":"<p>Apr\u00e8s avoir l\u00e2ch\u00e9 les cordons de la bourse pour la d\u00e9fense et les infrastructures, le chancelier allemand veut freiner les d\u00e9penses sociales. Il pr\u00e9voit des r\u00e9formes au second semestre 2025.<\/p>\n<p class=\"fig-paragraph\">Trois semaines apr\u00e8s avoir signifi\u00e9 aux Allemands que\u00a0<a href=\"http:\/\/www.lefigaro.fr\/economie\/nous-aurons-a-la-fois-des-chars-et-des-ecoles-l-allemagne-ex-championne-de-la-rigueur-depense-massivement-20250624\" data-fig-type=\"Article\" data-gtm-custom-categorie=\"navigation\" data-gtm-custom-action=\"crossclick\" data-gtm-custom-label=\"Contextuel\" data-gtm-event=\"customEventSPE\" data-fig-domain=\"LEFIGARO\" rel=\"nofollow noopener\" target=\"_blank\">l\u2019argent public coulait \u00e0 flot et annonc\u00e9 une hausse vertigineuse de la dette\u00a0<\/a>afin de r\u00e9nover les infrastructures publiques et renforcer la Bundeswehr, le gouvernement Merz commence \u00e0 distiller \u00e0 la population un tout autre message\u00a0: pour assurer la sant\u00e9 et la retraite des cotisants, le temps des \u00e9conomies et des sacrifices est venu.<\/p>\n<p class=\"fig-paragraph\">\u00ab\u00a0Nous devons garantir que notre \u00c9tat social reste abordable et qu\u2019il n\u2019entra\u00eene pas de co\u00fbts suppl\u00e9mentaires susceptibles de limiter de plus en plus notre comp\u00e9titivit\u00e9\u00a0\u00bb, a d\u00e9clar\u00e9 le chancelier allemand \u00e0 plusieurs reprises ces derniers jours, devant les repr\u00e9sentants du groupe des PME au sein du parti conservateur (CDU\/CSU) puis dans l\u2019h\u00e9micycle du Bundestag, r\u00e9uni en session pl\u00e9ni\u00e8re. Et le nouveau chef du gouvernement d\u2019annoncer \u00ab\u00a0la mise en \u0153uvre de r\u00e9formes tr\u00e8s concr\u00e8tes au cours du second semestre 2025\u00a0\u00bb.<\/p>\n<p>Appui des milieux d\u2019affaires<\/p>\n<p class=\"fig-paragraph\">Les milieux d\u2019affaires se f\u00e9licitent. \u00ab\u00a0Cette annonce arrive \u00e0 point nomm\u00e9 et\u2026<\/p>\n<p class=\"fig-premium-paywall__infos\">\n        Cet article est r\u00e9serv\u00e9 aux abonn\u00e9s.        Il vous reste 82% \u00e0 d\u00e9couvrir.\n    <\/p>\n<p>                <img  data- alt=\"Le Figaro\" class=\"fig-img--complete fig-img\"\/><\/p>\n<p class=\"fig-premium-paywall__title\">Vous avez envie de lire la suite ?<\/p>\n<p class=\"fig-premium-paywall__subtitle\">D\u00e9bloquez tous les articles imm\u00e9diatement.<\/p>\n<p class=\"fig-premium-paywall__connect\">\n                D\u00e9j\u00e0 abonn\u00e9\u00a0?                <a class=\"fig-premium-paywall__connect-link\" href=\"https:\/\/connect.lefigaro.fr\/login?client=horizon_web&amp;type=main&amp;redirect_uri=https%3A%2F%2Fwww.lefigaro.fr%2Fconjoncture%2Fen-allemagne-friedrich-merz-souhaite-s-attaquer-a-l-etat-providence-20250714\" data-js-gtm=\"{&quot;customCategorie&quot;: &quot;conversion&quot;, &quot;customAction&quot;: &quot;before_Landing_Connexion_paywall_auto&quot;, &quot;customLabel&quot;: &quot;bGVmaWdhcm8uZnJfXzFmMDYwYmNkLTUzY2QtNmE4Ni05NjYwLWJiNmM2ZmE4NGY2Ml9fQXJ0aWNsZQ==_En Allemagne, Friedrich Merz souhaite s\u2019attaquer \u00e0 l&#039;\u00c9tat-providence_75&quot;, &quot;customIDSPE&quot;: &quot;bGVmaWdhcm8uZnJfXzFmMDYwYmNkLTUzY2QtNmE4Ni05NjYwLWJiNmM2ZmE4NGY2Ml9fQXJ0aWNsZQ==&quot;, &quot;event&quot;: &quot;customEventSPE&quot;}\" rel=\"nofollow noopener\" target=\"_blank\"><br \/>\n                    Connectez-vous<br \/>\n                <\/a>\n            <\/p>\n","protected":false},"excerpt":{"rendered":"Apr\u00e8s avoir l\u00e2ch\u00e9 les cordons de la bourse pour la d\u00e9fense et les infrastructures, le chancelier allemand veut&hellip;\n","protected":false},"author":2,"featured_media":250189,"comment_status":"","ping_status":"","sticky":false,"template":"","format":"standard","meta":{"footnotes":""},"categories":[1587],"tags":[11,672,1804,1805,1803,1777,674,4710,1801,12,1802],"class_list":{"0":"post-250188","1":"post","2":"type-post","3":"status-publish","4":"format-standard","5":"has-post-thumbnail","7":"category-allemagne","8":"tag-actualites","9":"tag-allemagne","10":"tag-bundesrepublik-deutschland","11":"tag-de","12":"tag-deutschland","13":"tag-eu","14":"tag-europe","15":"tag-friedrich-merz","16":"tag-germany","17":"tag-news","18":"tag-republique-federale-dallemagne"},"share_on_mastodon":{"url":"https:\/\/pubeurope.com\/@fr\/114853675266618504","error":""},"_links":{"self":[{"href":"https:\/\/www.europesays.com\/fr\/wp-json\/wp\/v2\/posts\/250188","targetHints":{"allow":["GET"]}}],"collection":[{"href":"https:\/\/www.europesays.com\/fr\/wp-json\/wp\/v2\/posts"}],"about":[{"href":"https:\/\/www.europesays.com\/fr\/wp-json\/wp\/v2\/types\/post"}],"author":[{"embeddable":true,"href":"https:\/\/www.europesays.com\/fr\/wp-json\/wp\/v2\/users\/2"}],"replies":[{"embeddable":true,"href":"https:\/\/www.europesays.com\/fr\/wp-json\/wp\/v2\/comments?post=250188"}],"version-history":[{"count":0,"href":"https:\/\/www.europesays.com\/fr\/wp-json\/wp\/v2\/posts\/250188\/revisions"}],"wp:featuredmedia":[{"embeddable":true,"href":"https:\/\/www.europesays.com\/fr\/wp-json\/wp\/v2\/media\/250189"}],"wp:attachment":[{"href":"https:\/\/www.europesays.com\/fr\/wp-json\/wp\/v2\/media?parent=250188"}],"wp:term":[{"taxonomy":"category","embeddable":true,"href":"https:\/\/www.europesays.com\/fr\/wp-json\/wp\/v2\/categories?post=250188"},{"taxonomy":"post_tag","embeddable":true,"href":"https:\/\/www.europesays.com\/fr\/wp-json\/wp\/v2\/tags?post=250188"}],"curies":[{"name":"wp","href":"https:\/\/api.w.org\/{rel}","templated":true}]}}