{"id":250190,"date":"2025-07-14T21:19:09","date_gmt":"2025-07-14T21:19:09","guid":{"rendered":"https:\/\/www.europesays.com\/fr\/250190\/"},"modified":"2025-07-14T21:19:09","modified_gmt":"2025-07-14T21:19:09","slug":"defis-urbains-en-france-quelles-sont-les-preoccupations-des-europeens","status":"publish","type":"post","link":"https:\/\/www.europesays.com\/fr\/250190\/","title":{"rendered":"D\u00e9fis urbains en France : quelles sont les pr\u00e9occupations des europ\u00e9ens ?"},"content":{"rendered":"<p>Selon <a href=\"https:\/\/europa.eu\/eurobarometer\/surveys\/detail\/3368?etrans=fr\" target=\"_blank\" rel=\"noopener\">le rapport<\/a>, pr\u00e8s de la moiti\u00e9 (44%) des citadins en France estiment que le manque de logements abordables est un probl\u00e8me urgent, un chiffre l\u00e9g\u00e8rement inf\u00e9rieur \u00e0 la moyenne europ\u00e9enne (51%). Les pr\u00e9occupations suivantes incluent le ch\u00f4mage (24% en France contre 33% dans l&rsquo;UE), le manque de services publics de qualit\u00e9 (25% contre 32% dans l\u2019UE), et la pauvret\u00e9 (31% contre 32% dans l\u2019UE). Les interrog\u00e9s vivant dans les zones rurales soulignent davantage le manque de services publics dans les villes (37%). La s\u00e9curit\u00e9 dans les espaces publics est une priorit\u00e9 pour 33% des citadins fran\u00e7ais. De plus, 29% des r\u00e9pondants soulignent l&rsquo;importance des transports publics abordables et du d\u00e9veloppement \u00e9conomique. Enfin, 69% des citadins critiquent une insatisfaction quant \u00e0 l\u2019action environnementale \u00e0 l\u2019\u00e9chelle locale.<\/p>\n<p>Afin de relever ces d\u00e9fis, un programme de l\u2019UE pour les villes est en pr\u00e9paration par la Commission europ\u00e9enne. Dans cette perspective, lors de son <a href=\"https:\/\/ec.europa.eu\/info\/law\/better-regulation\/have-your-say\/initiatives\/14615-Villes-Nouveau-programme-strategique_fr\" target=\"_blank\" rel=\"noopener\">appel \u00e0 contributions<\/a>, elle a re\u00e7u un grand nombre de retours de la part des pouvoirs publics, des ONG et des citoyens, concernant les besoins de soutien des villes.<\/p>\n<p>Pourquoi les collectivit\u00e9s territoriales sont-elles concern\u00e9es ?<\/p>\n<p>Les collectivit\u00e9s locales sont directement concern\u00e9es par cette enqu\u00eate. En tant qu&rsquo;entit\u00e9s responsables des services publics locaux, elles sont bien plac\u00e9es pour intervenir sur des questions telles que le logement abordable, le d\u00e9veloppement \u00e9conomique et la s\u00e9curit\u00e9 publique.<\/p>\n<p>\u00c0 travers les fonds structurels et d\u2019investissement, les programme de coop\u00e9ration Interreg pour apprendre des autres territoires, l\u2019initiative urbaine europ\u00e9enne, les collectivit\u00e9s locales peuvent s\u2019appuyer sur le soutien de l\u2019Union europ\u00e9enne pour relever ces d\u00e9fis urbains.<\/p>\n<p>Pour plus d\u2019informations : <a href=\"https:\/\/ec.europa.eu\/regional_policy\/whats-new\/newsroom\/19-06-2025-new-eurobarometer-survey-highlights-urgent-urban-challenges-and-investment-needs-across-eu-cities_en?etrans=fr\" target=\"_blank\" rel=\"noopener\">Inforegio &#8211; Une nouvelle enqu\u00eate Eurobarom\u00e8tre met en \u00e9vidence les d\u00e9fis urbains urgents et les besoins d&rsquo;investissement dans les villes de l&rsquo;UE<\/a><\/p>\n","protected":false},"excerpt":{"rendered":"Selon le rapport, pr\u00e8s de la moiti\u00e9 (44%) des citadins en France estiment que le manque de logements&hellip;\n","protected":false},"author":2,"featured_media":250191,"comment_status":"","ping_status":"","sticky":false,"template":"","format":"standard","meta":{"footnotes":""},"categories":[1586],"tags":[11,39045,1777,674,1011,27,12,25,39046],"class_list":{"0":"post-250190","1":"post","2":"type-post","3":"status-publish","4":"format-standard","5":"has-post-thumbnail","7":"category-europe","8":"tag-actualites","9":"tag-collectivite-territoriale","10":"tag-eu","11":"tag-europe","12":"tag-fr","13":"tag-france","14":"tag-news","15":"tag-republique-francaise","16":"tag-statistique"},"share_on_mastodon":{"url":"https:\/\/pubeurope.com\/@fr\/114853679149835437","error":""},"_links":{"self":[{"href":"https:\/\/www.europesays.com\/fr\/wp-json\/wp\/v2\/posts\/250190","targetHints":{"allow":["GET"]}}],"collection":[{"href":"https:\/\/www.europesays.com\/fr\/wp-json\/wp\/v2\/posts"}],"about":[{"href":"https:\/\/www.europesays.com\/fr\/wp-json\/wp\/v2\/types\/post"}],"author":[{"embeddable":true,"href":"https:\/\/www.europesays.com\/fr\/wp-json\/wp\/v2\/users\/2"}],"replies":[{"embeddable":true,"href":"https:\/\/www.europesays.com\/fr\/wp-json\/wp\/v2\/comments?post=250190"}],"version-history":[{"count":0,"href":"https:\/\/www.europesays.com\/fr\/wp-json\/wp\/v2\/posts\/250190\/revisions"}],"wp:featuredmedia":[{"embeddable":true,"href":"https:\/\/www.europesays.com\/fr\/wp-json\/wp\/v2\/media\/250191"}],"wp:attachment":[{"href":"https:\/\/www.europesays.com\/fr\/wp-json\/wp\/v2\/media?parent=250190"}],"wp:term":[{"taxonomy":"category","embeddable":true,"href":"https:\/\/www.europesays.com\/fr\/wp-json\/wp\/v2\/categories?post=250190"},{"taxonomy":"post_tag","embeddable":true,"href":"https:\/\/www.europesays.com\/fr\/wp-json\/wp\/v2\/tags?post=250190"}],"curies":[{"name":"wp","href":"https:\/\/api.w.org\/{rel}","templated":true}]}}