{"id":250194,"date":"2025-07-14T21:21:17","date_gmt":"2025-07-14T21:21:17","guid":{"rendered":"https:\/\/www.europesays.com\/fr\/250194\/"},"modified":"2025-07-14T21:21:17","modified_gmt":"2025-07-14T21:21:17","slug":"classement-general-et-resultats-apres-la-10e-etape","status":"publish","type":"post","link":"https:\/\/www.europesays.com\/fr\/250194\/","title":{"rendered":"Classement g\u00e9n\u00e9ral et r\u00e9sultats apr\u00e8s la 10e \u00e9tape"},"content":{"rendered":"<p>Lundi, en ce jour de F\u00eate Nationale, le peloton \u00e9tait dans le Massif Central \u00e0 l\u2019occasion de la 10e \u00e9tape du Tour de France 2025. Sur les routes du <a href=\"https:\/\/www.20minutes.fr\/dossier\/puy-dome\" class=\"color-ultramarine c-link\" target=\"_blank\" rel=\"noopener\">Puy-de-D\u00f4me<\/a>, c\u2019est le Britannique Simon Yates (Visma-Lease a Bike), qui a su s\u2019imposer gr\u00e2ce\u00a0\u00e0 une attaque d\u00e9cisive au d\u00e9but de l\u2019ascension du Mont-Dore. Il s\u2019agit de sa troisi\u00e8me victoire d\u2019\u00e9tape sur le Tour de France, la premi\u00e8re lors de cette \u00e9dition. Thymen Arensman (Ineos Grenadiers) termine \u00e0 7 secondes du vainqueur, devant Ben Healy, \u00e0 31 secondes. <a href=\"https:\/\/www.20minutes.fr\/sport\/tadej-pogacar\/\" class=\"color-ultramarine c-link\" target=\"_blank\" rel=\"noopener\">Tadej Pogacar<\/a> perd son <a href=\"https:\/\/www.20minutes.fr\/sport\/cyclisme\/tour-de-france\/classement-maillot-jaune\" class=\"color-ultramarine c-link\" target=\"_blank\" rel=\"noopener\">Maillot Jaune<\/a>, au profit de l\u2019Irlandais de la formation EF Easy Post, pour 29 secondes.<\/p>\n<p>Pogacar limite la casse, Lenny Martinez imite &lsquo;papy&rsquo;<\/p>\n<p>Ce lundi 14\u00a0juillet a \u00e9t\u00e9 un v\u00e9ritable feu d\u2019artifice au vu de toutes les attaques lanc\u00e9es au cours de l\u2019apr\u00e8s-midi. La bataille entre baroudeurs a bien eu lieu dans le Massif central. Les huit ascensions et les 4450 m\u00e8tres de d\u00e9nivel\u00e9 positif ont \u00e9t\u00e9 propices aux offensives du dernier vainqueur du <a href=\"https:\/\/www.20minutes.fr\/sport\/giro\/\" class=\"color-ultramarine c-link\" target=\"_blank\" rel=\"noopener\">Giro<\/a>, Simon Yates (Visma-Lease a Bike), parti dans une \u00e9chapp\u00e9e de 28 coureurs. Son \u00e9quipe a malmen\u00e9 l\u2019UAE-XRG de Tadej Pogacar et c\u2019est l\u2019Irlandais Ben Healy (EF Education-EasyPost) qui en a profit\u00e9 pour prendre la t\u00eate du classement g\u00e9n\u00e9ral apr\u00e8s sa 3e place de lundi.<\/p>\n<p>Tadej Pogacar a bien r\u00e9agi et acc\u00e9l\u00e9r\u00e9 dans le final, suivi par Jonas Vingegaard, pour limiter l&rsquo;\u00e9cart au classement. Cette premi\u00e8re \u00e9tape de montagne promet des prochaines journ\u00e9es anim\u00e9es, apr\u00e8s le repos de mardi. Du c\u00f4t\u00e9 des Fran\u00e7ais, Lenny Martinez (Bahrain-Victorious) a pris le Maillot \u00e0 pois apr\u00e8s avoir franchi les cinq premiers cols en t\u00eate. 47 ans apr\u00e8s son grand-p\u00e8re, il est le meilleur grimpeur du Tour.<\/p>\n<p class=\"mb-xxl@xs color-ultramarine font-weight-semi-bold@xs font-source-serif-pro heading-s@xs\">L\u2019acc\u00e8s \u00e0 ce contenu a \u00e9t\u00e9 bloqu\u00e9 afin de respecter votre choix de consentement<\/p>\n<p class=\"mb-m@xs text-l@xs\">En cliquant sur\u00ab J\u2019accepte \u00bb, vous acceptez le d\u00e9p\u00f4t de cookies par des services externes et aurez ainsi acc\u00e8s aux contenus de nos partenaires.<\/p>\n<p class=\"mb-xl@xs text-s@xs\">Plus d\u2019informations sur la page<a href=\"https:\/\/www.20minutes.fr\/gestion-cookies\" class=\"mx-xxs@xs color-ultramarine\" target=\"_blank\" rel=\"noopener\">Politique de gestion des cookies<\/a><\/p>\n<p>J\u2019accepteLe classement de la 10e \u00e9tape du Tour de France 2025<\/p>\n<ol>\n<li>Simon Yates &#8211; Visma Lease a Bike &#8211; 04h20&rsquo;05\u00a0\u00bb<\/li>\n<li>Thymen Arensman &#8211; Ineos Grenadiers \u00e0 09\u00a0\u00bb<\/li>\n<li>Ben Healy &#8211; EF Education &#8211; Easy Post \u00e0 31\u00a0\u00bb<\/li>\n<li>Ben O\u2019Connor &#8211; Jayco AlUla \u00e0 49\u00a0\u00bb<\/li>\n<li>Michael Storer &#8211; Tudor \u00e0 01&rsquo;23\u00a0\u00bb<\/li>\n<li>Joseph Blackmore &#8211; Israel &#8211; Premier Tech \u00e0 03&rsquo;57\u00a0\u00bb<\/li>\n<li>Anders Halland Johannessen &#8211; Uno-X Mobility \u00e0 04&rsquo;38\u00a0\u00bb<\/li>\n<li>Lenny Martinez &#8211; Bahrain Victorious &#8211; \u00e0 04&rsquo;51\u00a0\u00bb<\/li>\n<li>Tadej Pogacar &#8211; UAE Team Emirates \u00e0 04&rsquo;51\u00a0\u00bb<\/li>\n<li>Jonas Vingegaard &#8211; Visma Lease a Bike \u00e0 04&rsquo;51\u00a0\u00bb<\/li>\n<li>Florian Lipowitz &#8211; RedBull &#8211; Bora-Hansgrohe \u00e0 04&rsquo;54\u00a0\u00bb<\/li>\n<li>Matteo Jorgenson &#8211; Visma Lease a Bike \u00e0 04&rsquo;54\u00a0\u00bb<\/li>\n<li>Remco Evenepoel &#8211; Soudal &#8211; Quick Step \u00e0 04&rsquo;57\u00a0\u00bb<\/li>\n<li>Oscar Onley &#8211; Picnic PostNL \u00e0 04&rsquo;57\u00a0\u00bb<\/li>\n<li>Tobias Halland Johannessen &#8211; Uno-X Mobility \u00e0 04&rsquo;57\u00a0\u00bb<\/li>\n<li>Primoz Roglic &#8211; RedBull &#8211; Bora-Hansgrohe \u00e0 04&rsquo;57\u00a0\u00bb<\/li>\n<li>Felix Gall &#8211; Decathlon AG2R La Mondiale \u00e0 05&rsquo;11\u00a0\u00bb<\/li>\n<li>Carlos Rodriguez &#8211; <a href=\"https:\/\/www.20minutes.fr\/sport\/ineos-cyclisme\/\" class=\"color-ultramarine c-link\" target=\"_blank\" rel=\"noopener\">Ineos<\/a> Grenadiers \u00e0 05&rsquo;15\u00a0\u00bb<\/li>\n<li>Jordan Jegat &#8211; <a href=\"https:\/\/www.20minutes.fr\/dossier\/total\" class=\"color-ultramarine c-link\" target=\"_blank\" rel=\"noopener\">TotalEnergies<\/a> \u00e0 05&rsquo;15\u00a0\u00bb<\/li>\n<li>Sergio Higuita &#8211; XDS Astana \u00e0 05&rsquo;31\u00a0\u00bb<\/li>\n<\/ol>\n<p>Le classement g\u00e9n\u00e9ral apr\u00e8s 10 \u00e9tapes du Tour de France 2025<\/p>\n<ol>\n<li>Ben Healy &#8211; EF Education &#8211; Easy Post 37h41&rsquo;49\u00a0\u00bb<\/li>\n<li>Tadej Pogacar &#8211; UAE Team Emirates \u00e0 29\u00a0\u00bb<\/li>\n<li><a href=\"https:\/\/www.20minutes.fr\/sport\/remco-evenepoel\/\" class=\"color-ultramarine c-link\" target=\"_blank\" rel=\"noopener\">Remco Evenepoel<\/a> &#8211; Soudal &#8211; Quick Step \u00e0 01&rsquo;29\u00a0\u00bb<\/li>\n<li><a href=\"https:\/\/www.20minutes.fr\/sport\/jonas-vingegaard\/\" class=\"color-ultramarine c-link\" target=\"_blank\" rel=\"noopener\">Jonas Vingegaard<\/a> &#8211; Visma Lease a Bike \u00e0 01&rsquo;46\u00a0\u00bb<\/li>\n<li>Matteo Jorgenson &#8211; Visma Lease a Bike \u00e0 02&rsquo;06\u00a0\u00bb<\/li>\n<li>K\u00e9vin Vauquelin &#8211; Ark\u00e9a &#8211; B &amp; B Hotels \u00e0 02&rsquo;26\u00a0\u00bb<\/li>\n<li>Oscar Onley &#8211; Picnic PostNL \u00e0 03&rsquo;24\u00a0\u00bb<\/li>\n<li>Florian Lipowitz &#8211; RedBull &#8211; Bora-Hansgrohe \u00e0 03&rsquo;34\u00a0\u00bb<\/li>\n<li><a href=\"https:\/\/www.20minutes.fr\/sport\/primoz-roglic\/\" class=\"color-ultramarine c-link\" target=\"_blank\" rel=\"noopener\">Primoz Roglic<\/a> &#8211; RedBull &#8211; Bora-Hansgrohe \u00e0 03&rsquo;41\u00a0\u00bb<\/li>\n<li>Tobias Halland Johannessen &#8211; Uno-X Mobility \u00e0 05&rsquo;03\u00a0\u00bb<\/li>\n<\/ol>\n<p><a href=\"https:\/\/www.20minutes.fr\/sport\/cyclisme\/tour-de-france\/classement-maillot-jaune\" class=\"c-link c-btn c-btn--primary\" target=\"_blank\" rel=\"noopener\">Le classement complet du Tour de France 2025<\/a><\/p>\n<p>Mardi, les coureurs auront droit \u00e0 un jour de repos. Rendez-vous donc mercredi \u00e0 Toulouse.<\/p>\n","protected":false},"excerpt":{"rendered":"Lundi, en ce jour de F\u00eate Nationale, le peloton \u00e9tait dans le Massif Central \u00e0 l\u2019occasion de la&hellip;\n","protected":false},"author":2,"featured_media":250195,"comment_status":"","ping_status":"","sticky":false,"template":"","format":"standard","meta":{"footnotes":""},"categories":[2],"tags":[11,207,1011,27,4385,12,25,517,1138,210],"class_list":{"0":"post-250194","1":"post","2":"type-post","3":"status-publish","4":"format-standard","5":"has-post-thumbnail","7":"category-actualites","8":"tag-actualites","9":"tag-cyclisme","10":"tag-fr","11":"tag-france","12":"tag-mathieu-van-der-poel","13":"tag-news","14":"tag-republique-francaise","15":"tag-sport","16":"tag-tadej-pogacar","17":"tag-tour-de-france"},"share_on_mastodon":{"url":"https:\/\/pubeurope.com\/@fr\/114853687039947868","error":""},"_links":{"self":[{"href":"https:\/\/www.europesays.com\/fr\/wp-json\/wp\/v2\/posts\/250194","targetHints":{"allow":["GET"]}}],"collection":[{"href":"https:\/\/www.europesays.com\/fr\/wp-json\/wp\/v2\/posts"}],"about":[{"href":"https:\/\/www.europesays.com\/fr\/wp-json\/wp\/v2\/types\/post"}],"author":[{"embeddable":true,"href":"https:\/\/www.europesays.com\/fr\/wp-json\/wp\/v2\/users\/2"}],"replies":[{"embeddable":true,"href":"https:\/\/www.europesays.com\/fr\/wp-json\/wp\/v2\/comments?post=250194"}],"version-history":[{"count":0,"href":"https:\/\/www.europesays.com\/fr\/wp-json\/wp\/v2\/posts\/250194\/revisions"}],"wp:featuredmedia":[{"embeddable":true,"href":"https:\/\/www.europesays.com\/fr\/wp-json\/wp\/v2\/media\/250195"}],"wp:attachment":[{"href":"https:\/\/www.europesays.com\/fr\/wp-json\/wp\/v2\/media?parent=250194"}],"wp:term":[{"taxonomy":"category","embeddable":true,"href":"https:\/\/www.europesays.com\/fr\/wp-json\/wp\/v2\/categories?post=250194"},{"taxonomy":"post_tag","embeddable":true,"href":"https:\/\/www.europesays.com\/fr\/wp-json\/wp\/v2\/tags?post=250194"}],"curies":[{"name":"wp","href":"https:\/\/api.w.org\/{rel}","templated":true}]}}