{"id":250196,"date":"2025-07-14T21:22:14","date_gmt":"2025-07-14T21:22:14","guid":{"rendered":"https:\/\/www.europesays.com\/fr\/250196\/"},"modified":"2025-07-14T21:22:14","modified_gmt":"2025-07-14T21:22:14","slug":"lue-avance-ses-mesures-de-retorsion-contre-les-droits-de-douane-americains","status":"publish","type":"post","link":"https:\/\/www.europesays.com\/fr\/250196\/","title":{"rendered":"L&rsquo;UE avance ses mesures de r\u00e9torsion contre les droits de douane am\u00e9ricains"},"content":{"rendered":"<p><img decoding=\"async\" class=\"c-ad__placeholder__logo\" src=\"https:\/\/static.euronews.com\/website\/images\/logos\/logo-euronews-grey-6-180x22.svg\" width=\"180\" height=\"22\" alt=\"\" loading=\"lazy\"\/>PUBLICIT\u00c9<\/p>\n<p>Le commissaire europ\u00e9en en charge du Commerce, Maro\u0161 \u0160ef\u010dovi\u010d, a pr\u00e9sent\u00e9 aux ministres europ\u00e9ens du Commerce r\u00e9unis lundi \u00e0 Bruxelles pour une r\u00e9union extraordinaire  une liste de produits am\u00e9ricains d&rsquo;une valeur de <strong>72 milliards d&rsquo;euros<\/strong> \u00e0 inclure dans une campagne de r\u00e9torsion tarifaire, alors que la pression am\u00e9ricaine s&rsquo;est intensifi\u00e9e au cours du week-end avec la menace de <strong>droits de douane de 30 %<\/strong> sur les importations de l&rsquo;UE \u00e0 partir du 1er ao\u00fbt.<\/p>\n<p>\u00ab\u00a0Nous devons \u00eatre pr\u00eats \u00e0 toutes les issues, y compris, si n\u00e9cessaire, \u00e0 des mesures proportionn\u00e9es bien r\u00e9fl\u00e9chies pour r\u00e9tablir l&rsquo;\u00e9quilibre dans notre relation transatlantique\u00a0\u00bb, a pr\u00e9cis\u00e9 Maro\u0161 \u0160ef\u010dovi\u010d, ajoutant : \u00ab\u00a0aujourd&rsquo;hui, la Commission partage avec les \u00c9tats membres la proposition relative \u00e0 la deuxi\u00e8me liste de marchandises, repr\u00e9sentant quelque 72 milliards d&rsquo;euros d&rsquo;importations am\u00e9ricaines. Ils auront maintenant l&rsquo;occasion d&rsquo;en discuter.\u00a0\u00bb<\/p>\n<p>La liste propos\u00e9e par la Commission doit encore \u00eatre adopt\u00e9e officiellement par les \u00c9tats membres. Elle vise un large \u00e9ventail de produits, dont <strong>les avions am\u00e9ricains et le bourbon<\/strong>.<\/p>\n<p>Le 12 juillet, apr\u00e8s des semaines de n\u00e9gociations, le pr\u00e9sident am\u00e9ricain Donald Trump a publi\u00e9 sur le r\u00e9seau Truth Social une lettre envoy\u00e9e \u00e0 la Commission, mena\u00e7ant <a href=\"https:\/\/fr.euronews.com\/business\/2025\/07\/12\/donald-trump-annonce-des-droits-de-douane-de-30-pour-lue\" target=\"_blank\" rel=\"noopener\"><strong>d&rsquo;imposer des droits de douane de 30 %<\/strong><\/a> sur les importations de l&rsquo;UE si aucun accord n&rsquo;\u00e9tait conclu d&rsquo;ici le 1er ao\u00fbt.<\/p>\n<p>La semaine derni\u00e8re, les n\u00e9gociations semblaient \u00eatre entr\u00e9es dans la derni\u00e8re ligne droite, l&rsquo;UE ayant accept\u00e9 \u00e0 contrec\u0153ur <strong>un tarif de base de 10 %<\/strong> sur ses produits. Des exemptions sectorielles devaient encore \u00eatre n\u00e9goci\u00e9es, l&rsquo;UE ayant r\u00e9ussi \u00e0 obtenir 0 % sur les avions et les spiritueux et certains droits de douane am\u00e9ricains d\u00e9passant de peu les 10 % sur les produits agricoles.<\/p>\n<p>\u00ab\u00a0Nous \u00e9tions tr\u00e8s proches d&rsquo;un accord de principe\u00a0\u00bb, a regrett\u00e9 Lars L\u00f8kke Rasmussen, ministre danois des Affaires \u00e9trang\u00e8res.<\/p>\n<p>Les \u00c9tats-Unis imposent actuellement <strong>des droits de douane de 50 % sur l&rsquo;acier et l&rsquo;aluminium de l&rsquo;UE, de 25 % sur les voitures et de 10 % sur toutes les importations de l&rsquo;UE<\/strong>.<\/p>\n<p>Selon un diplomate europ\u00e9en, les repr\u00e9sailles de l&rsquo;UE pourraient \u00e9galement inclure des contr\u00f4les \u00e0 l&rsquo;exportation sur les d\u00e9chets d&rsquo;aluminium, dont les \u00c9tats-Unis ont besoin.<\/p>\n<p>Mais si l&rsquo;UE montre ses muscles, elle continue de donner la priorit\u00e9 \u00e0 la n\u00e9gociation.<\/p>\n<p>\u00ab\u00a0Nous restons convaincus que notre relation transatlantique m\u00e9rite une solution n\u00e9goci\u00e9e, qui m\u00e8ne \u00e0 une stabilit\u00e9 et une coop\u00e9ration renouvel\u00e9es \u00ab\u00a0, a insist\u00e9 Maro\u0161 \u0160ef\u010dovi\u010d avant d&rsquo;annoncer qu&rsquo;il avait un appel pr\u00e9vu avec ses homologues am\u00e9ricains lundi en fin d&rsquo;apr\u00e8s-midi.<\/p>\n<p>La pr\u00e9sidente de la Commission, Ursula von der Leyen, a annonc\u00e9 dimanche (13 juillet) un <a href=\"https:\/\/fr.euronews.com\/my-europe\/2025\/07\/13\/droits-de-douane-lue-prolonge-la-suspension-des-contre-mesures-sur-lacier-et-laluminium-am\" target=\"_blank\" rel=\"noopener\"><strong>report de la mise en \u0153uvre<\/strong><\/a> d&rsquo;une premi\u00e8re s\u00e9rie de mesures de r\u00e9torsion visant <strong>21 milliards d&rsquo;euros<\/strong> de produits am\u00e9ricains, qui avait \u00e9t\u00e9 suspendue jusqu&rsquo;au 15 juillet.<\/p>\n<p>Selon le m\u00eame diplomate europ\u00e9en, une r\u00e9union des ambassadeurs de l&rsquo;UE avait initialement d\u00e9cid\u00e9 de la reporter \u00e0 la fin de l&rsquo;ann\u00e9e, mais les nouvelles annonces de Donald Trump ont rendu ces contre-mesures plus urgentes. Elles ont donc \u00e9t\u00e9 report\u00e9es au <strong>1er ao\u00fbt<\/strong>.<\/p>\n<p><strong>Instrument de lutte contre la coercition<\/strong><\/p>\n<p>Derri\u00e8re la d\u00e9monstration d&rsquo;unit\u00e9 affich\u00e9e lundi par les \u00c9tats membres, les diplomates sont toutefois bien conscients que des complications surviendront une fois qu&rsquo;un accord avec les \u00c9tats-Unis sera sur la table.<\/p>\n<p>\u00ab\u00a0Soyons r\u00e9alistes, nous aurons tous des interpr\u00e9tations diff\u00e9rentes\u00a0\u00bb, a d\u00e9clar\u00e9 un fonctionnaire d&rsquo;un Etat membre \u00e0 Euronews, admettant qu&rsquo;une fois l&rsquo;accord conclu, certains pays pousseront \u00e0 des repr\u00e9sailles fortes tandis que d&rsquo;autres voudront \u00e9viter l&rsquo;escalade, en fonction de leurs secteurs strat\u00e9giques les plus touch\u00e9s par les Etats-Unis.<\/p>\n<p>La France continue de pr\u00f4ner une ligne dure \u00e0 l&rsquo;\u00e9gard des \u00c9tats-Unis, d\u00e9sireuse de mettre sur la table tous les outils \u00e0 la disposition de l&rsquo;UE, y compris l&rsquo;utilisation de l&rsquo;instrument anti-coercition, l'\u00a0\u00bboption nucl\u00e9aire\u00a0\u00bb de la d\u00e9fense commerciale de l&rsquo;UE, adopt\u00e9e en 2023.<\/p>\n<p>\u00ab\u00a0Cette pression, d\u00e9lib\u00e9r\u00e9ment exerc\u00e9e par le pr\u00e9sident am\u00e9ricain ces derniers jours et semaines, met \u00e0 rude \u00e9preuve notre capacit\u00e9 de n\u00e9gociation et doit nous conduire \u00e0 montrer que l&rsquo;Europe est une puissance\u00a0\u00bb, a expliqu\u00e9 le ministre fran\u00e7ais d\u00e9l\u00e9gu\u00e9 au Commerce, Laurent Saint-Martin, \u00e0 son arriv\u00e9e au Conseil, ajoutant : \u00ab\u00a0l&rsquo;Europe est une puissance lorsqu&rsquo;elle sait d\u00e9montrer sa capacit\u00e9 de r\u00e9action\u00a0\u00bb.<\/p>\n<p>\u00ab\u00a0Les Etats-Unis dominent l&rsquo;escalade\u00a0\u00bb, a constat\u00e9 un second diplomate europ\u00e9en \u00e0 Euronews.<\/p>\n<p>Dimanche, la pr\u00e9sidente de la Commission, Ursula Von der Leyen, a exclu l&rsquo;utilisation de l&rsquo;instrument anti-coercition pour le moment.<\/p>\n<p>Cet outil a \u00e9t\u00e9 mis en place \u00ab\u00a0pour des situations extraordinaires\u00a0\u00bb, a-t-elle d\u00e9clar\u00e9, ajoutant que \u00ab\u00a0nous n&rsquo;en sommes pas encore l\u00e0\u00a0\u00bb. <\/p>\n<p>Cet instrument permettrait \u00e0 l&rsquo;UE de retirer des licences et des droits de propri\u00e9t\u00e9 intellectuelle \u00e0 des entreprises \u00e9trang\u00e8res, dont des g\u00e9ants am\u00e9ricains de la technologie.<\/p>\n","protected":false},"excerpt":{"rendered":"PUBLICIT\u00c9 Le commissaire europ\u00e9en en charge du Commerce, Maro\u0161 \u0160ef\u010dovi\u010d, a pr\u00e9sent\u00e9 aux ministres europ\u00e9ens du Commerce r\u00e9unis&hellip;\n","protected":false},"author":2,"featured_media":250197,"comment_status":"","ping_status":"","sticky":false,"template":"","format":"standard","meta":{"footnotes":""},"categories":[2],"tags":[11,215,1011,27,12,25,35266,364],"class_list":{"0":"post-250196","1":"post","2":"type-post","3":"status-publish","4":"format-standard","5":"has-post-thumbnail","7":"category-actualites","8":"tag-actualites","9":"tag-commerce","10":"tag-fr","11":"tag-france","12":"tag-news","13":"tag-republique-francaise","14":"tag-trump-et-ses-taxes","15":"tag-union-europeenne"},"share_on_mastodon":{"url":"https:\/\/pubeurope.com\/@fr\/114853691080085953","error":""},"_links":{"self":[{"href":"https:\/\/www.europesays.com\/fr\/wp-json\/wp\/v2\/posts\/250196","targetHints":{"allow":["GET"]}}],"collection":[{"href":"https:\/\/www.europesays.com\/fr\/wp-json\/wp\/v2\/posts"}],"about":[{"href":"https:\/\/www.europesays.com\/fr\/wp-json\/wp\/v2\/types\/post"}],"author":[{"embeddable":true,"href":"https:\/\/www.europesays.com\/fr\/wp-json\/wp\/v2\/users\/2"}],"replies":[{"embeddable":true,"href":"https:\/\/www.europesays.com\/fr\/wp-json\/wp\/v2\/comments?post=250196"}],"version-history":[{"count":0,"href":"https:\/\/www.europesays.com\/fr\/wp-json\/wp\/v2\/posts\/250196\/revisions"}],"wp:featuredmedia":[{"embeddable":true,"href":"https:\/\/www.europesays.com\/fr\/wp-json\/wp\/v2\/media\/250197"}],"wp:attachment":[{"href":"https:\/\/www.europesays.com\/fr\/wp-json\/wp\/v2\/media?parent=250196"}],"wp:term":[{"taxonomy":"category","embeddable":true,"href":"https:\/\/www.europesays.com\/fr\/wp-json\/wp\/v2\/categories?post=250196"},{"taxonomy":"post_tag","embeddable":true,"href":"https:\/\/www.europesays.com\/fr\/wp-json\/wp\/v2\/tags?post=250196"}],"curies":[{"name":"wp","href":"https:\/\/api.w.org\/{rel}","templated":true}]}}