{"id":250198,"date":"2025-07-14T21:23:28","date_gmt":"2025-07-14T21:23:28","guid":{"rendered":"https:\/\/www.europesays.com\/fr\/250198\/"},"modified":"2025-07-14T21:23:28","modified_gmt":"2025-07-14T21:23:28","slug":"vers-linstauration-dun-service-militaire-volontaire-la-france-lenvisage","status":"publish","type":"post","link":"https:\/\/www.europesays.com\/fr\/250198\/","title":{"rendered":"Vers l&rsquo;instauration d&rsquo;un service militaire volontaire ? La France l&rsquo;envisage"},"content":{"rendered":"<ul class=\"jsx-862013697 ArticleChapo__List\">\n<li class=\"jsx-862013697 ArticleChapo__List_Item flex\">La France envisage de mettre en place un service militaire sur la base du volontariat.<\/li>\n<li class=\"jsx-862013697 ArticleChapo__List_Item flex\">L&rsquo;objectif ? \u00ab\u00a0Renforcer la coh\u00e9sion nationale\u00a0\u00bb, alors que de nombreuses menaces internationales guettent.<\/li>\n<li class=\"jsx-862013697 ArticleChapo__List_Item flex\">Aujourd&rsquo;hui, les arm\u00e9es fran\u00e7aises comptent environ 200.000 militaires d&rsquo;active et 47.000 r\u00e9servistes.<\/li>\n<\/ul>\n<p data-module=\"article-paragraph\" class=\"jsx-3046738180 Paragraph\">Une piste s\u00e9rieusement envisag\u00e9e. Tandis que <a href=\"https:\/\/www.tf1info.fr\/societe\/en-direct-celebrations-defile-militaire-du-14-juillet-2025-suivez-notre-emission-speciale-sur-tf1-tf1-et-lci-2382672.html\" target=\"_blank\" rel=\"noopener\">les troupes fran\u00e7aises ont d\u00e9fil\u00e9 ce lundi 14 juillet sur les Champs-\u00c9lys\u00e9es<\/a>, \u00e0 Paris, Emmanuel Macron laisse la porte ouverte \u00e0 l&rsquo;instauration prochaine d&rsquo;un service militaire volontaire. Dimanche, le pr\u00e9sident de la R\u00e9publique a \u00e9voqu\u00e9 la n\u00e9cessit\u00e9 d'\u00a0\u00bbefforts\u00a0\u00bb \u00e0 mener \u00ab\u00a0sur notre r\u00e9serve\u00a0\u00bb de soldats. \u00ab\u00a0Il faut une nation capable de tenir, d&rsquo;\u00eatre mobilis\u00e9e\u00a0\u00bb, a-t-il insist\u00e9, alors que l&rsquo;Europe est \u00ab\u00a0mise en danger\u00a0\u00bb, entre autres <a href=\"https:\/\/www.tf1info.fr\/international\/en-bref-menaces-russie-moyen-orient-ce-qu-il-faut-retenir-de-la-prise-de-parole-du-chef-d-etat-major-des-armees-2382340.html\" target=\"_blank\" rel=\"noopener\">par les vell\u00e9it\u00e9s de la Russie<\/a>, \u00e0 l&rsquo;est du continent.<\/p>\n<p data-module=\"article-paragraph\" class=\"jsx-3046738180 Paragraph Paragraph__End\">Selon lui, ce contexte impose donc de \u00ab\u00a0donner \u00e0 la jeunesse un nouveau cadre pour servir, selon d&rsquo;autres modalit\u00e9s, au sein de nos arm\u00e9es\u00a0\u00bb. Le chef de l&rsquo;\u00c9tat devrait faire part de sa d\u00e9cision sur le sujet \u00ab\u00a0\u00e0 l&rsquo;automne\u00a0\u00bb. Publi\u00e9e \u00e0 l&rsquo;occasion du 14-Juillet, la revue nationale strat\u00e9gique, une s\u00e9rie d&rsquo;analyses directement command\u00e9e par Emmanuel Macron, insiste dans le m\u00eame esprit sur l&rsquo;hypoth\u00e8se d'\u00a0\u00bb<a href=\"https:\/\/www.tf1info.fr\/politique\/verif-eric-ciotti-a-t-il-echappe-au-service-militaire-grace-a-christian-estrosi-2378615.html\" target=\"_blank\" rel=\"noopener\">un service militaire<\/a> volontaire r\u00e9nov\u00e9\u00a0\u00bb. D&rsquo;apr\u00e8s ce document, cette solution permettrait \u00ab\u00a0aux Fran\u00e7ais majeurs de recevoir une formation militaire socle\u00a0\u00bb tout en \u00ab\u00a0pouvant d\u00e9boucher sur un engagement\u00a0\u00bb.<\/p>\n<p>\u00ab\u00a0Une masse\u00a0\u00bb de soldats \u00e0 \u00ab\u00a0acqu\u00e9rir\u00a0\u00bb<\/p>\n<p data-module=\"article-paragraph\" class=\"jsx-3046738180 Paragraph\">Pour l&rsquo;arm\u00e9e, l&rsquo;int\u00e9r\u00eat d&rsquo;un tel dispositif est multiple. Emmanuel Macron vient d&rsquo;annoncer <a href=\"https:\/\/www.tf1info.fr\/politique\/en-direct-budget-des-armees-emmanuel-macron-va-fixer-de-nouvelles-ambitions-pour-la-defense-face-aux-menaces-ce-dimanche-13-juillet-2382602.html\" target=\"_blank\" rel=\"noopener\">un effort budg\u00e9taire cons\u00e9quent pour la d\u00e9fense fran\u00e7aise<\/a>. Or, de nouvelles troupes sont \u00e9galement n\u00e9cessaires pour assurer la s\u00e9curit\u00e9 du pays dans les prochaines d\u00e9cennies. L&rsquo;objectif comptable est clair : les effectifs doivent grimper de 200.000 militaires d&rsquo;active et 47.000 r\u00e9servistes environ \u00e0 210.000 et 80.000 personnes d&rsquo;ici \u00e0 2030. La mobilisation sur la base du volontariat d&rsquo;une certaine classe d&rsquo;\u00e2ge pourrait donc contribuer \u00e0 renflouer les rangs fran\u00e7ais en cas de guerre.\u00a0<\/p>\n<p data-module=\"article-paragraph\" class=\"jsx-3046738180 Paragraph Paragraph__End\">Un moyen, en somme, d'\u00a0\u00bbacqu\u00e9rir la masse\u00a0\u00bb n\u00e9cessaire pour tenir dans la dur\u00e9e en cas de conflit arm\u00e9, selon l&rsquo;expression du chef d&rsquo;\u00e9tat-major de l&rsquo;arm\u00e9e de Terre, le g\u00e9n\u00e9ral Pierre Schill. \u00ab\u00a0Un des enseignements de [la guerre en] Ukraine, c&rsquo;est que ce sont les arm\u00e9es qui gagnent les combats, mais ce sont <a href=\"https:\/\/www.tf1info.fr\/international\/video-lci-quand-l-ukraine-remporte-une-bataille-face-a-la-russie-sans-soldats-drone-robots-2382189.html\" target=\"_blank\" rel=\"noopener\">les nations qui gagnent les guerres<\/a>\u00ab\u00a0, souligne le responsable militaire. Pour lui, l&rsquo;arm\u00e9e fran\u00e7aise devrait dans le futur m\u00ealer professionnels, r\u00e9servistes et volontaires effectuant leur service militaire volontaire. Ce nouveau cadre constituerait aussi selon lui une fa\u00e7on d&rsquo;ouvrir \u00ab\u00a0un des robinets de la r\u00e9serve\u00a0\u00bb, en suscitant l&rsquo;envie de s&rsquo;engager aupr\u00e8s des jeunes.\u00a0<\/p>\n<p>L&rsquo;exemple \u00ab\u00a0laborieux\u00a0\u00bb du SNU<\/p>\n<p data-module=\"article-paragraph\" class=\"jsx-3046738180 Paragraph\">Cette solution est-elle cr\u00e9dible ? Aujourd&rsquo;hui, <a href=\"https:\/\/www.tf1info.fr\/initiatives-positives\/treillis-rangers-et-sacs-a-dos-ces-jeunes-sequipent-pour-le-service-militaire-volontaire-1220058.html\" target=\"_blank\" rel=\"noopener\">un service militaire volontaire (SMV)<\/a> existe d\u00e9j\u00e0 dans les faits depuis 2015. Mais son cadre est bien diff\u00e9rent : il s&rsquo;agit dans ce cas d&rsquo;un dispositif de formation et d&rsquo;insertion professionnelle avec un encadrement militaire. Celui-ci est aujourd&rsquo;hui choisi par 1000 personnes environ par an. Le projet d&rsquo;un service militaire volontaire \u00ab\u00a0r\u00e9nov\u00e9\u00a0\u00bb viserait bien plus large, en promouvant l&rsquo;id\u00e9e de \u00ab\u00a0renforcer la coh\u00e9sion nationale\u00a0\u00bb et de \u00ab\u00a0cr\u00e9er un r\u00e9servoir de personnes mobilisables en cas de crise\u00a0\u00bb, d\u00e9taille la revue nationale strat\u00e9gique.<\/p>\n<p data-module=\"article-paragraph\" class=\"jsx-3046738180 Paragraph Paragraph__End\">Pour autant, tous les experts ne sont pas d&rsquo;accord sur la pertinence d&rsquo;une telle mesure. \u00ab\u00a0Si l&rsquo;objectif, c&rsquo;est la coh\u00e9sion sociale et nationale, je pense qu&rsquo;on fait fausse route\u00a0\u00bb, pointe ainsi la sociologue B\u00e9n\u00e9dicte Ch\u00e9ron, sp\u00e9cialiste du lien arm\u00e9e-Nation, aupr\u00e8s de l&rsquo;AFP. \u00ab\u00a0Un service militaire, m\u00eame quand il mobilise massivement chaque classe d&rsquo;\u00e2ge, ne vient pas infl\u00e9chir les grandes tendances sociales et politiques qui sont \u00e0 l&rsquo;\u0153uvre dans une soci\u00e9t\u00e9.\u00a0\u00bb<\/p>\n<p><a href=\"https:\/\/www.tf1info.fr\/international\/verif-en-thailande-un-vaste-tirage-au-sort-decide-t-il-vraiment-de-qui-effectuera-son-service-militaire-2364672.html\" rel=\"noopener\" class=\"jsx-3308031228 Link flex\" target=\"_blank\"><img decoding=\"async\" src=\"https:\/\/www.europesays.com\/fr\/wp-content\/uploads\/2025\/07\/tirage-au-sort-thailande-f2dfda-0@1x.jpeg\" alt=\"LILLIAN SUWANRUMPHA \/ AFP\" loading=\"lazy\" importance=\"low\" fetchpriority=\"low\" class=\"\" aria-hidden=\"true\"\/><\/p>\n<p class=\"jsx-3657663356 ReadMoreArticle__Title\">Lire aussi<\/p>\n<p class=\"jsx-3657663356\">V\u00c9RIF&rsquo; &#8211; En Tha\u00eflande, un vaste tirage au sort d\u00e9cide-t-il vraiment de qui effectuera son service militaire ?<\/p>\n<p><\/a><\/p>\n<p data-module=\"article-paragraph\" class=\"jsx-3046738180 Paragraph Paragraph__End\">La chercheuse \u00e9voque par ailleurs l&rsquo;exemple du service national universel (SNU), initi\u00e9 par Emmanuel Macron, mais qui a connu des difficult\u00e9s pour trouver son public. Ce service civil, destin\u00e9 aux 15-17 ans, avait pourtant pour ambition de \u00ab\u00a0susciter du volontariat\u00a0\u00bb chez les jeunes, poursuit B\u00e9n\u00e9dicte Ch\u00e9ron. Or, \u00ab\u00a0il l&rsquo;a \u00e9t\u00e9 laborieusement, et ce n&rsquo;\u00e9tait que pour deux semaines\u00a0\u00bb de stage, ajoute-t-elle.<\/p>\n<p>T.A. avec AFP<\/p>\n","protected":false},"excerpt":{"rendered":"La France envisage de mettre en place un service militaire sur la base du volontariat. L&rsquo;objectif ? \u00ab\u00a0Renforcer&hellip;\n","protected":false},"author":2,"featured_media":250199,"comment_status":"","ping_status":"","sticky":false,"template":"","format":"standard","meta":{"footnotes":""},"categories":[4],"tags":[1111,11,1921,5925,1073,674,5582,1011,27,1922,12,25,133,5010],"class_list":{"0":"post-250198","1":"post","2":"type-post","3":"status-publish","4":"format-standard","5":"has-post-thumbnail","7":"category-france","8":"tag-actu","9":"tag-actualites","10":"tag-article-video","11":"tag-conflits-et-guerre","12":"tag-emmanuel-macron","13":"tag-europe","14":"tag-forces-de-lordre-armee-pompiers","15":"tag-fr","16":"tag-france","17":"tag-info","18":"tag-news","19":"tag-republique-francaise","20":"tag-video","21":"tag-video-sujets-de-societe"},"share_on_mastodon":{"url":"https:\/\/pubeurope.com\/@fr\/114853695003727865","error":""},"_links":{"self":[{"href":"https:\/\/www.europesays.com\/fr\/wp-json\/wp\/v2\/posts\/250198","targetHints":{"allow":["GET"]}}],"collection":[{"href":"https:\/\/www.europesays.com\/fr\/wp-json\/wp\/v2\/posts"}],"about":[{"href":"https:\/\/www.europesays.com\/fr\/wp-json\/wp\/v2\/types\/post"}],"author":[{"embeddable":true,"href":"https:\/\/www.europesays.com\/fr\/wp-json\/wp\/v2\/users\/2"}],"replies":[{"embeddable":true,"href":"https:\/\/www.europesays.com\/fr\/wp-json\/wp\/v2\/comments?post=250198"}],"version-history":[{"count":0,"href":"https:\/\/www.europesays.com\/fr\/wp-json\/wp\/v2\/posts\/250198\/revisions"}],"wp:featuredmedia":[{"embeddable":true,"href":"https:\/\/www.europesays.com\/fr\/wp-json\/wp\/v2\/media\/250199"}],"wp:attachment":[{"href":"https:\/\/www.europesays.com\/fr\/wp-json\/wp\/v2\/media?parent=250198"}],"wp:term":[{"taxonomy":"category","embeddable":true,"href":"https:\/\/www.europesays.com\/fr\/wp-json\/wp\/v2\/categories?post=250198"},{"taxonomy":"post_tag","embeddable":true,"href":"https:\/\/www.europesays.com\/fr\/wp-json\/wp\/v2\/tags?post=250198"}],"curies":[{"name":"wp","href":"https:\/\/api.w.org\/{rel}","templated":true}]}}