{"id":250200,"date":"2025-07-14T21:24:14","date_gmt":"2025-07-14T21:24:14","guid":{"rendered":"https:\/\/www.europesays.com\/fr\/250200\/"},"modified":"2025-07-14T21:24:14","modified_gmt":"2025-07-14T21:24:14","slug":"un-irlandais-double-vainqueur-de-the-open-pour-le-premier-coup-du-tournoi","status":"publish","type":"post","link":"https:\/\/www.europesays.com\/fr\/250200\/","title":{"rendered":"Un Irlandais double vainqueur de The Open pour le premier coup du tournoi !"},"content":{"rendered":"<p>\t\t\t\t\t\t<img width=\"770\" height=\"555\" src=\"https:\/\/www.europesays.com\/fr\/wp-content\/uploads\/2025\/07\/padraig-harrington-770x555.jpg\" class=\"img-responsive wp-post-image\" alt=\"Padraig Harrington Photo by Luke Walker\/R&amp;A\/R&amp;A via Getty Images\" decoding=\"async\" fetchpriority=\"high\"  \/>\t\t\t\t\t<\/p>\n<p>\t\t\t\t\t\t Partager cet article <\/p>\n<p class=\"screen-reader-text juiz_sps_maybe_hidden_text\">Partager la publication \u00ab\u00a0Un Irlandais double vainqueur de The Open pour le premier coup du tournoi !\u00a0\u00bb<\/p>\n<p><strong>Apr\u00e8s Matthew Jordan chez lui au Royal Liverpool et Justin Leonard l\u2019an dernier \u00e0 Troon, l\u00e0 o\u00f9 l\u2019Am\u00e9ricain s\u2019\u00e9tait impos\u00e9 en 1997, c\u2019est un autre joueur embl\u00e9matique qui donnera le coup d\u2019envoi du 153e Open Championship jeudi au Royal Portrush.<\/strong><\/p>\n<p><strong>Padraig<\/strong> <strong>Harrington<\/strong>, double champion de golf de l\u2019ann\u00e9e, frappera le premier coup du 153e Open, marchant sur les traces de <strong>Darren<\/strong> <strong>Clarke<\/strong>, auteur de la premi\u00e8re mise en jeu ici-m\u00eame il y a six ans.<\/p>\n<p>L\u2019Irlandais sera sur le premier tee \u00e0 6h35 jeudi, aux c\u00f4t\u00e9s de deux partenaires de jeu dont l\u2019identit\u00e9 n\u2019a pas \u00e9t\u00e9 r\u00e9v\u00e9l\u00e9e. Les d\u00e9parts seront annonc\u00e9s ce mardi \u00e0 15h en France.<\/p>\n<blockquote><p>\nIl y aura un peu de pression forc\u00e9ment. C\u2019est un trou sur lequel le d\u00e9sastre est possible. Je vais juste me contenter d\u2019un drive au milieu, d\u2019une balle sur le green et de deux putts.<\/p>\n<p>Padraig Harrington<\/p>\n<\/blockquote>\n<p>5 joueurs de l\u2019Ile d\u2019Emeraude au d\u00e9part<\/p>\n<p>Harrington est l\u2019un des cinq joueurs irlandais pr\u00e9sents, avec ses compatriotes vainqueur comme lui de The Open par le pass\u00e9 : <strong>Darren Clarke, Rory McIlroy <\/strong>et<strong> Shane Lowry<\/strong>.<\/p>\n<p>\t\t\t\t\t<a id=\"178471\" href=\"https:\/\/golfplus.fr\/soldes-c559\" target=\"_blank\" rel=\"sponsorised nofollow noopener\"><img fetchpriority=\"high\" decoding=\"async\" src=\"https:\/\/www.europesays.com\/fr\/wp-content\/uploads\/2025\/07\/golfplus-e18-soldes-2e-demarque-1170x275-1.jpg\" class=\"img-responsive\" alt=\"\"\/><\/a><\/p>\n<p>Le cinqui\u00e8me est <a href=\"https:\/\/www.golfplanete.com\/actualites\/letonnante-raison-du-depart-de-tom-mckibbin-pour-le-liv-golf\/\" rel=\"nofollow noopener\" target=\"_blank\">l\u2019espoir irlandais parti sur le LIV<\/a> <strong>Tom McKibbin<\/strong>.<\/p>\n<p>Il est \u00e9galement le dernier joueur \u00e0 avoir remport\u00e9 le Claret Jug deux ann\u00e9es cons\u00e9cutives, apr\u00e8s avoir battu Sergio Garcia en play-off pour remporter le 136e Open \u00e0 Carnoustie en 2007, puis avoir surclass\u00e9 Greg Norman pour d\u00e9fendre son titre au Royal Birkdale l\u2019ann\u00e9e suivante.<\/p>\n<p>Trois fois champion majeur, Harrington a \u00e9galement remport\u00e9 le PGA Championship 2008 et fut membre de six \u00e9quipes cons\u00e9cutives de Ryder Cup entre 1999 et 2010.<\/p>\n<p>\u00a0<\/p>\n<p>\u00a0<\/p>\n<p>\u00a9Luke Walker\/R&amp;A via Getty Images<\/p>\n","protected":false},"excerpt":{"rendered":"Partager cet article Partager la publication \u00ab\u00a0Un Irlandais double vainqueur de The Open pour le premier coup du&hellip;\n","protected":false},"author":2,"featured_media":250201,"comment_status":"","ping_status":"","sticky":false,"template":"","format":"standard","meta":{"footnotes":""},"categories":[1418],"tags":[1011,27,1472,60],"class_list":{"0":"post-250200","1":"post","2":"type-post","3":"status-publish","4":"format-standard","5":"has-post-thumbnail","7":"category-golf","8":"tag-fr","9":"tag-france","10":"tag-golf","11":"tag-sports"},"share_on_mastodon":{"url":"https:\/\/pubeurope.com\/@fr\/114853698858501864","error":""},"_links":{"self":[{"href":"https:\/\/www.europesays.com\/fr\/wp-json\/wp\/v2\/posts\/250200","targetHints":{"allow":["GET"]}}],"collection":[{"href":"https:\/\/www.europesays.com\/fr\/wp-json\/wp\/v2\/posts"}],"about":[{"href":"https:\/\/www.europesays.com\/fr\/wp-json\/wp\/v2\/types\/post"}],"author":[{"embeddable":true,"href":"https:\/\/www.europesays.com\/fr\/wp-json\/wp\/v2\/users\/2"}],"replies":[{"embeddable":true,"href":"https:\/\/www.europesays.com\/fr\/wp-json\/wp\/v2\/comments?post=250200"}],"version-history":[{"count":0,"href":"https:\/\/www.europesays.com\/fr\/wp-json\/wp\/v2\/posts\/250200\/revisions"}],"wp:featuredmedia":[{"embeddable":true,"href":"https:\/\/www.europesays.com\/fr\/wp-json\/wp\/v2\/media\/250201"}],"wp:attachment":[{"href":"https:\/\/www.europesays.com\/fr\/wp-json\/wp\/v2\/media?parent=250200"}],"wp:term":[{"taxonomy":"category","embeddable":true,"href":"https:\/\/www.europesays.com\/fr\/wp-json\/wp\/v2\/categories?post=250200"},{"taxonomy":"post_tag","embeddable":true,"href":"https:\/\/www.europesays.com\/fr\/wp-json\/wp\/v2\/tags?post=250200"}],"curies":[{"name":"wp","href":"https:\/\/api.w.org\/{rel}","templated":true}]}}