{"id":250202,"date":"2025-07-14T21:26:09","date_gmt":"2025-07-14T21:26:09","guid":{"rendered":"https:\/\/www.europesays.com\/fr\/250202\/"},"modified":"2025-07-14T21:26:09","modified_gmt":"2025-07-14T21:26:09","slug":"rugby-lubj-veut-retrouver-les-phases-finales-de-federale-1-avec-un-effectif-rajeuni","status":"publish","type":"post","link":"https:\/\/www.europesays.com\/fr\/250202\/","title":{"rendered":"Rugby : l\u2019UBJ veut retrouver les phases finales de F\u00e9d\u00e9rale 1 avec un effectif rajeuni"},"content":{"rendered":"<p>Surprenants cinqui\u00e8mes de leur poule de F\u00e9d\u00e9rale 1 au printemps (1), les rugbymen charentais \u00e9taient tomb\u00e9s les armes \u00e0 la main en barrages \u00e0 Saint-M\u00e9dard-en-Jalles (35-34). Une issue frustrante qui n\u2019avait pourtant pas g\u00e2ch\u00e9 une saison exceptionnelle marqu\u00e9e par deux victoires dans les derbies face \u00e0 Cognac.<\/p>\n<p>La donne a chang\u00e9 pour l\u2019\u00e9quipe du Sud Charente, qui, l\u2019ann\u00e9e derni\u00e8re, inaugurait une nouvelle \u00e8re marqu\u00e9e par une baisse de budget (NDLR. de 1,8 \u00e0 1,4 M\u20ac) et le retour \u00e0 un fonctionnement amateur avec des joueurs qui combinent rugby et travail.<\/p>\n<p>S\u2019il ne dispose pas de plus de moyens cette saison, Florian Piron esp\u00e8re faire franchir un cap \u00e0 son \u00e9quipe. Sans r\u00e9volution. \u00ab\u00a0En 2024, on avait repris un groupe au bord de l\u2019implosion\u00a0\u00bb, rappelle le manager. \u00ab\u00a0La priorit\u00e9 \u00e9tait de retrouver notre identit\u00e9. C\u2019est ce qui nous a permis de nous qualifier mais c\u2019est aussi, je pense, ce qui nous a emp\u00each\u00e9s d\u2019aller plus loin. On a manqu\u00e9 de fra\u00eecheur.\u00a0\u00bb<\/p>\n<p>Du renfort en premi\u00e8re ligne<\/p>\n<p>L\u2019UBJ, qui a retrouv\u00e9 ses valeurs comme le prouvent les huit bonus d\u00e9fensifs d\u00e9croch\u00e9s la saison derni\u00e8re, doit d\u00e9sormais franchir un cap dans le jeu pour retrouver l\u2019excitation des matches \u00e0 \u00e9limination directe. Pour y parvenir, le staff n\u2019a pas h\u00e9sit\u00e9 \u00e0 renouveler en profondeur son effectif avec dix recrues dont une partie \u00e9tait pr\u00e9sente \u00e0 la reprise vendredi soir.<\/p>\n<p>\u00ab\u00a0On s\u2019est renforc\u00e9 en 1re ligne car on manquait de profondeur\u00a0\u00bb, explique le manager, qui pourra compter sur l\u2019ancien pilier du SA XV Zauri Tevdorashvili (26\u00a0ans), qui arrive de Chamb\u00e9ry (Nationale) avec le statut de recrue phare. Deux jeunes internationaux, le belge Arno Smet (20\u00a0ans) et le Roumain Alexandru Arnautu (23\u00a0ans), garnissent \u00e9galement le pack charentais. \u00ab\u00a0On avait besoin de jeunesse\u00a0\u00bb, confie l\u2019entra\u00eeneur, qui prend exemple sur le SA XV avec la mise en place d\u2019une \u00ab\u00a0capsule\u00a0\u00bb de neuf espoirs int\u00e9gr\u00e9s au groupe de F\u00e9d\u00e9rale 1.<\/p>\n<blockquote><p>\u00ab\u00a0On est d\u00e9sormais la troisi\u00e8me \u00e9quipe des deux Charentes derri\u00e8re La\u00a0Rochelle et le SA XV.\u00a0\u00bb<\/p><\/blockquote>\n<p>\u00ab\u00a0Heureusement que tu es l\u00e0, je me sentais un peu vieux\u00a0\u00bb. La boutade lanc\u00e9e par le pilier Khatchik Vartan (32\u00a0ans) \u00e0 l\u2019entra\u00eeneur des avants Remus Lungu illustre le rajeunissement de l\u2019effectif op\u00e9r\u00e9 \u00e0 l\u2019intersaison. Du capitaine embl\u00e9matique Adrien Dejean au \u00ab\u00a0papi\u00a0\u00bb Davide Duca en passant par le demi de m\u00eal\u00e9e Julien Berger, l\u2019UBJ a perdu de nombreux cadres. Charge \u00e0 ceux qui sont rest\u00e9s, \u00e0 commencer par le nouveau capitaine Baptiste Saint-P\u00e9, d\u2019entretenir la flamme de l\u2019\u00e9tat d\u2019esprit retrouv\u00e9 de l\u2019\u00e9quipe.<\/p>\n<p>Inchang\u00e9, le staff s\u2019est, lui, donn\u00e9 pour mission d\u2019augmenter tous les curseurs du projet de jeu. Pour \u00ab\u00a0franchir un palier\u00a0\u00bb et accompagner la structuration du club qui attend la livraison d\u2019un terrain d\u2019entra\u00eenement synth\u00e9tique en 2026.<\/p>\n<p>\u00ab\u00a0Depuis la r\u00e9trogradation administrative de Cognac (en R1), on est la troisi\u00e8me \u00e9quipe des deux Charentes derri\u00e8re La\u00a0Rochelle et le SA XV, la premi\u00e8re en amateur\u00a0\u00bb, rappelle Florian Piron. \u00ab\u00a0\u00c7a met une pression. On se sent attendu.\u00a0\u00bb<\/p>\n<p>(1) La r\u00e9trogradation administrative du leader Chartres avait permis \u00e0 l\u2019UBJ de gagner une place.<\/p>\n<p>    Dix recrues \u00e0 la reprise<br \/>\n<strong>TRANSFERTS<\/strong>.<br \/><strong>Arriv\u00e9es (10).<\/strong> Antoine Ruchaud (3e ligne centre, Canterbury, NZL), Arno Smet (pilier droit, Soignies, BEL), Thomas Milhorat (demi de m\u00eal\u00e9e, Cognac, Federale 1), Zauri Tevdorashvili (pilier droit, Chamb\u00e9ry, Nationale), Thomas Bouchon (pilier droit, SA XV, espoirs), Louis Rollin (3e ligne aile, Floirac, F\u00e9d\u00e9rale 1), Heremoni Nepo (3e ligne centre, Vallons de la tour, F\u00e9d\u00e9rale 2), Simon Maillard (arri\u00e8re, Le Havre, F\u00e9d\u00e9rale 1), Alexandru Arnautu (talonneur, Le Havre, F\u00e9d\u00e9rale 1), Th\u00e9o Blanc (demi de m\u00eal\u00e9e, Chartres, F\u00e9d\u00e9rale 1).<br \/><strong>D\u00e9parts (16). <\/strong>Luka Ghirgadze (1re ligne), Julien Berger (demi de m\u00eal\u00e9e), Andrien Dejean (3e ligne), Micka\u00ebl Chabernaud (1re ligne), Iyad Bouaouinate (ailier), Ronan Defienne (ailier), Alexis Cuffolo (talonneur), Herv\u00e9 Goulois (centre), Cl\u00e9ment Boineau (centre), Isaac Montoisy (demi de m\u00eal\u00e9e), Octave Blosse (3e ligne), Davide Duca (demi d\u2019ouverture), Lucas Soullard (talonneur), Th\u00e9o Chauvet (centre), Antonin Texier (1re ligne), Emeric Bri\u00e8re (2e ligne).<br \/><strong>EFFECTIF FEDERALE 1.<\/strong><br \/><strong>Piliers gauche (3).<\/strong> Katchik Vartan, Jonathan Cardona, Florian Brethonnet.<br \/><strong>Talonneurs (3).<\/strong> Iacob Nicchi, Adrian Talan, Alexandru Arnautu.<br \/><strong>Piliers droit (4).<\/strong> Zauri Tevdorashvili, Arno Smet, Mathias Argiro, Thomas Bouchon.<br \/><strong>Deuxi\u00e8mes ligne (6). <\/strong>Thomas Berlato, Baptiste Saint-P\u00e9, Valentin Destruel, Alexandro Gimeno, Kylian Freslon, Evan Grolleau.<br \/><strong>Troisi\u00e8mes ligne aile (8).<\/strong> Pierre Lemaitre, Marius Delonca, Beka Mgbreshvili, Enzo Bonin Suire, Julien Chion, Alexandre Rougier, Louis Rollin, Romain Poincellet.<br \/><strong>Troisi\u00e8mes ligne centre (4).<\/strong> Antoine Ruchaud, Baptiste Bonnet, Heremoni Nepo, Hugo Paticat.<br \/><strong>Demis de m\u00eal\u00e9e (4).<\/strong> R\u00e9mi Gillier, Th\u00e9o Blanc, Thomas Milhorat, Micka\u00ebl De Raspide.<br \/><strong>Demis d\u2019ouverture (2). <\/strong>Ionel Melinte, Antoine Branca.<br \/><strong>Centres (3). <\/strong>Jens Torfs, Florian Millac, Thomas Nabti.<br \/><strong>Ailiers (4). <\/strong>Romain Avinens, Achille Massignac, Louis Gillier, Nolan Desremmeaux.<br \/><strong>Arri\u00e8re (1)<\/strong>. Simon Maillard.<br \/><strong>Staff (6).<\/strong> Florian Piron (manager), Remus Lungu (entra\u00eeneurs des avants), Guillaume Ajac (directeur sportif), L\u00e9andre Boussiron (pr\u00e9parateur physique), Erndual Bachelet (pr\u00e9parateur physique), Tom Cocqu (skills).<br \/><strong>CALENDRIER.<\/strong><br \/>2\u00a0ao\u00fbt\u00a0: entra\u00eenement partag\u00e9 avec Nantes (Nationale 2) \u00e0 La Roche-sur-Yon. 21\u00a0ao\u00fbt\u00a0: match de pr\u00e9paration contre les espoirs du SA XV \u00e0 Barbezieux. 7\u00a0septembre\u00a0: reprise F\u00e9d\u00e9rale 1.<br \/><strong>LA POULE.<\/strong><br \/>UBJ, Sarcelles, Beauvais, Floirac, Bassin d\u2019Arcachon, Courbevoie, Saint-M\u00e9dard-en-Jalles, Gujan-Mestras, Limoges, Issoire, Tours, Saint-Malo.<\/p>\n","protected":false},"excerpt":{"rendered":"Surprenants cinqui\u00e8mes de leur poule de F\u00e9d\u00e9rale 1 au printemps (1), les rugbymen charentais \u00e9taient tomb\u00e9s les armes&hellip;\n","protected":false},"author":2,"featured_media":250203,"comment_status":"","ping_status":"","sticky":false,"template":"","format":"standard","meta":{"footnotes":""},"categories":[1416],"tags":[1011,27,479,1468,60],"class_list":{"0":"post-250202","1":"post","2":"type-post","3":"status-publish","4":"format-standard","5":"has-post-thumbnail","7":"category-rugby","8":"tag-fr","9":"tag-france","10":"tag-rugby","11":"tag-rugby-football","12":"tag-sports"},"share_on_mastodon":{"url":"https:\/\/pubeurope.com\/@fr\/114853706670254705","error":""},"_links":{"self":[{"href":"https:\/\/www.europesays.com\/fr\/wp-json\/wp\/v2\/posts\/250202","targetHints":{"allow":["GET"]}}],"collection":[{"href":"https:\/\/www.europesays.com\/fr\/wp-json\/wp\/v2\/posts"}],"about":[{"href":"https:\/\/www.europesays.com\/fr\/wp-json\/wp\/v2\/types\/post"}],"author":[{"embeddable":true,"href":"https:\/\/www.europesays.com\/fr\/wp-json\/wp\/v2\/users\/2"}],"replies":[{"embeddable":true,"href":"https:\/\/www.europesays.com\/fr\/wp-json\/wp\/v2\/comments?post=250202"}],"version-history":[{"count":0,"href":"https:\/\/www.europesays.com\/fr\/wp-json\/wp\/v2\/posts\/250202\/revisions"}],"wp:featuredmedia":[{"embeddable":true,"href":"https:\/\/www.europesays.com\/fr\/wp-json\/wp\/v2\/media\/250203"}],"wp:attachment":[{"href":"https:\/\/www.europesays.com\/fr\/wp-json\/wp\/v2\/media?parent=250202"}],"wp:term":[{"taxonomy":"category","embeddable":true,"href":"https:\/\/www.europesays.com\/fr\/wp-json\/wp\/v2\/categories?post=250202"},{"taxonomy":"post_tag","embeddable":true,"href":"https:\/\/www.europesays.com\/fr\/wp-json\/wp\/v2\/tags?post=250202"}],"curies":[{"name":"wp","href":"https:\/\/api.w.org\/{rel}","templated":true}]}}