{"id":250204,"date":"2025-07-14T21:27:10","date_gmt":"2025-07-14T21:27:10","guid":{"rendered":"https:\/\/www.europesays.com\/fr\/250204\/"},"modified":"2025-07-14T21:27:10","modified_gmt":"2025-07-14T21:27:10","slug":"quels-sont-les-joueurs-du-top-10-qui-auront-le-plus-de-points-a-defendre-pendant-la-tournee-americaine","status":"publish","type":"post","link":"https:\/\/www.europesays.com\/fr\/250204\/","title":{"rendered":"quels sont les joueurs du top 10 qui auront le plus de points \u00e0 d\u00e9fendre pendant la tourn\u00e9e am\u00e9ricaine ?"},"content":{"rendered":"<p>                <img decoding=\"async\" src=\"https:\/\/www.europesays.com\/fr\/wp-content\/uploads\/2025\/07\/jZrm.jpg\" alt=\"Sinner, Fritz, Zverev ou Draper : quels sont les joueurs du top 10 qui auront le plus de points \u00e0 d\u00e9fendre pendant la tourn\u00e9e am\u00e9ricaine ?\"\/><\/p>\n<p>Apr\u00e8s la fin de Wimbledon, le circuit ATP continue avec cette semaine des tournois sur terre battue (Gstaad et Bastad) et la premi\u00e8re \u00e9tape de la tourn\u00e9e am\u00e9ricaine sur dur \u00e0 Los Cabos.<\/p>\n<p>Cependant, les grands noms du circuit masculin vont s\u2019accorder un temps de repos m\u00e9rit\u00e9 avant de reprendre, pour certains, \u00e0 Washington la semaine prochaine et, pour d\u2019autres, au Masters 1000 de Toronto.<\/p>\n<p>Le n\u00b01 mondial Jannik Sinner, qui a d\u00e9pass\u00e9 la barre des 12 000 points ce lundi, aura 3200 points \u00e0 d\u00e9fendre, ayant remport\u00e9 l\u2019ann\u00e9e derni\u00e8re le tournoi de Cincinnati puis l\u2019US Open. Il jouera gros en comparaison \u00e0 son principal rival Carlos Alcaraz, qui avait connu une tourn\u00e9e d\u00e9cevante avec des \u00e9liminations au 2e tour \u00e0 Cincinnati et \u00e0 New York.<\/p>\n<p>Ainsi, l\u2019Espagnol n\u2019aura que 60 petits points \u00e0 r\u00e9cup\u00e9rer et aura une belle opportunit\u00e9 de combler son retard sur Sinner.<\/p>\n<p>Taylor Fritz, finaliste \u00e0 l\u2019US Open, devra d\u00e9fendre 1360 points. Un total presque similaire \u00e0 celui d\u2019Alexander Zverev, qui remet en jeu 1260 points (quart de finale \u00e0 Montr\u00e9al, demi-finale \u00e0 Cincinnati et quart de finale \u00e0 New York).<\/p>\n<p>Nouveau membre du top 5 cette saison, Jack Draper va revenir \u00e0 Flushing Meadows avec un nouveau statut. L\u2019an pass\u00e9, il s\u2019\u00e9tait r\u00e9v\u00e9l\u00e9 aux yeux du grand public en atteignant sa premi\u00e8re demi-finale en Grand Chelem. Une performance qui l\u2019obligera \u00e0 d\u00e9fendre 1010 points.<\/p>\n<p>Enfin, Novak Djokovic, toujours pr\u00e9sent dans les grands rendez-vous malgr\u00e9 ses 38 ans, pourrait perdre seulement 300 points. Titr\u00e9 \u00e0 quatre reprises \u00e0 l\u2019US Open, le Serbe avait \u00e9t\u00e9 \u00e9limin\u00e9 \u00e0 la surprise g\u00e9n\u00e9rale par Alexei Popyrin au troisi\u00e8me tour.<\/p>\n","protected":false},"excerpt":{"rendered":"Apr\u00e8s la fin de Wimbledon, le circuit ATP continue avec cette semaine des tournois sur terre battue (Gstaad&hellip;\n","protected":false},"author":2,"featured_media":250205,"comment_status":"","ping_status":"","sticky":false,"template":"","format":"standard","meta":{"footnotes":""},"categories":[1415],"tags":[1011,27,60,1467],"class_list":{"0":"post-250204","1":"post","2":"type-post","3":"status-publish","4":"format-standard","5":"has-post-thumbnail","7":"category-tennis","8":"tag-fr","9":"tag-france","10":"tag-sports","11":"tag-tennis"},"share_on_mastodon":{"url":"https:\/\/pubeurope.com\/@fr\/114853710593104492","error":""},"_links":{"self":[{"href":"https:\/\/www.europesays.com\/fr\/wp-json\/wp\/v2\/posts\/250204","targetHints":{"allow":["GET"]}}],"collection":[{"href":"https:\/\/www.europesays.com\/fr\/wp-json\/wp\/v2\/posts"}],"about":[{"href":"https:\/\/www.europesays.com\/fr\/wp-json\/wp\/v2\/types\/post"}],"author":[{"embeddable":true,"href":"https:\/\/www.europesays.com\/fr\/wp-json\/wp\/v2\/users\/2"}],"replies":[{"embeddable":true,"href":"https:\/\/www.europesays.com\/fr\/wp-json\/wp\/v2\/comments?post=250204"}],"version-history":[{"count":0,"href":"https:\/\/www.europesays.com\/fr\/wp-json\/wp\/v2\/posts\/250204\/revisions"}],"wp:featuredmedia":[{"embeddable":true,"href":"https:\/\/www.europesays.com\/fr\/wp-json\/wp\/v2\/media\/250205"}],"wp:attachment":[{"href":"https:\/\/www.europesays.com\/fr\/wp-json\/wp\/v2\/media?parent=250204"}],"wp:term":[{"taxonomy":"category","embeddable":true,"href":"https:\/\/www.europesays.com\/fr\/wp-json\/wp\/v2\/categories?post=250204"},{"taxonomy":"post_tag","embeddable":true,"href":"https:\/\/www.europesays.com\/fr\/wp-json\/wp\/v2\/tags?post=250204"}],"curies":[{"name":"wp","href":"https:\/\/api.w.org\/{rel}","templated":true}]}}