{"id":250211,"date":"2025-07-14T21:31:16","date_gmt":"2025-07-14T21:31:16","guid":{"rendered":"https:\/\/www.europesays.com\/fr\/250211\/"},"modified":"2025-07-14T21:31:16","modified_gmt":"2025-07-14T21:31:16","slug":"jai-vu-que-pogacar-et-evenepoel-ont-pris-ma-roue-samuse-jordan-jegat-14e-du-classement-general-du-tour-de-france-2025","status":"publish","type":"post","link":"https:\/\/www.europesays.com\/fr\/250211\/","title":{"rendered":"\u00ab\u00a0J\u2019ai vu que Pogacar et Evenepoel ont pris ma roue\u00a0\u00bb, s\u2019amuse Jordan J\u00e9gat, 14e du classement g\u00e9n\u00e9ral du Tour de France 2025"},"content":{"rendered":"<p>Quel sentiment domine apr\u00e8s cette \u00e9tape ?<\/p>\n<p>Un sentiment d\u2019accomplissement, quand m\u00eame. Ce n\u2019est que 19e mais \u00e7a montre une vraie progression par rapport \u00e0 l\u2019ann\u00e9e pass\u00e9e et que je peux me battre avec les favoris. Tout mon travail \u00e0 l\u2019entra\u00eenement porte ses fruits.<\/p>\n<p>Vous vous retrouvez \u00e0 un moment entre Remco Evenepoel et Tadej Pogacar\u2026<\/p>\n<p>(Rires) Il y a d\u00e9j\u00e0 l\u2019image <a href=\"https:\/\/www.letelegramme.fr\/sports\/cyclisme\/laurance-jegat-les-morbihannais-y-ont-cru-sur-le-tour-de-france-2024-6616271.php\" target=\"_blank\" rel=\"noopener\">l\u2019ann\u00e9e derni\u00e8re \u00e0 San Luca (2e \u00e9tape)<\/a> o\u00f9 je finis avec Pogacar et Vingegaard. J\u2019ai essay\u00e9 d\u2019anticiper et j\u2019ai vu qu\u2019ils ont pris ma roue. \u00c7a m\u2019a \u00e9tonn\u00e9 mais l\u2019image restera.<\/p>\n<p>Votre nom est-il d\u00e9sormais reconnu dans le peloton ?<\/p>\n<p>\u00c7a d\u00e9pend. Quand la route s\u2019\u00e9l\u00e8ve, oui. Certains ont encore d\u00fb mal \u00e0 accepter que je sois plac\u00e9, j\u2019esp\u00e8re que \u00e7a changera.<\/p>\n<p>Vous \u00eates 14e du classement g\u00e9n\u00e9ral, <a href=\"https:\/\/www.letelegramme.fr\/sports\/cyclisme\/tour-de-france\/tour-de-france-qui-est-le-premier-breton-au-classement-general-apres-une-etape-6849867.php#:~:text=Apr%C3%A8s%20huit%20%C3%A9tapes%2C%20Jordan%20J%C3%A9gat,premier%20Breton%20au%20classement%20g%C3%A9n%C3%A9ral.&amp;text=Lors%20de%20la%20neuvi%C3%A8me%20%C3%A9tape,du%20Tour%20de%20France%202025.\" target=\"_blank\" rel=\"noopener\">le classement g\u00e9n\u00e9ral<\/a> devient-il une ambition ?<\/p>\n<p>Oui, \u00e7a reste une ambition m\u00eame si mon principal objectif reste de jouer une \u00e9tape. Quand tu es entre la 10e et la 15e place, il y a des mecs qui ont un bon de sortie pour jouer une \u00e9tape. Je suis d\u00e9j\u00e0 tr\u00e8s loin au g\u00e9n\u00e9ral (\u00e0 6\u201932\u2019\u2019). On n\u2019est qu\u2019\u00e0 la 10e \u00e9tape, plus elles vont passer et plus je vais perdre du temps. <a href=\"https:\/\/www.letelegramme.fr\/sports\/cyclisme\/tour-de-france\/jasper-philipsen-premier-maillot-jaune-le-classement-general-du-tour-de-france-2025-6849882.php\" target=\"_blank\" rel=\"noopener\">Pogacar a laiss\u00e9 le maillot jaune \u00e0 Ben Healy<\/a> donc il faudra saisir les opportunit\u00e9s.<\/p>\n<p>Je passe souvent ce message. Je viens d\u2019une famille d\u2019ouvriers, j\u2019ai toujours d\u00fb travailler dans mes vacances scolaires et autres, en parall\u00e8le de mes \u00e9tudes. Quand on compare \u00e0 des mecs qui n\u2019ont fait que \u00e7a (du cyclisme), j\u2019avais un peu de retard. Je pense que la maturit\u00e9 physique a jou\u00e9 aussi. En juniors, je pesais 52 kg. Je suis toujours aussi maigre (rires) mais quand tu es avec des mecs plus form\u00e9s en juniors, c\u2019est compliqu\u00e9 de se battre avec eux.<\/p>\n","protected":false},"excerpt":{"rendered":"Quel sentiment domine apr\u00e8s cette \u00e9tape ? Un sentiment d\u2019accomplissement, quand m\u00eame. Ce n\u2019est que 19e mais \u00e7a&hellip;\n","protected":false},"author":2,"featured_media":250212,"comment_status":"","ping_status":"","sticky":false,"template":"","format":"standard","meta":{"footnotes":""},"categories":[1411],"tags":[39048,1154,207,3166,1011,27,2427,60,210],"class_list":{"0":"post-250211","1":"post","2":"type-post","3":"status-publish","4":"format-standard","5":"has-post-thumbnail","7":"category-cyclisme","8":"tag-bignan","9":"tag-cycling","10":"tag-cyclisme","11":"tag-en-continu-sports","12":"tag-fr","13":"tag-france","14":"tag-professionnels","15":"tag-sports","16":"tag-tour-de-france"},"share_on_mastodon":{"url":"https:\/\/pubeurope.com\/@fr\/114853726355380610","error":""},"_links":{"self":[{"href":"https:\/\/www.europesays.com\/fr\/wp-json\/wp\/v2\/posts\/250211","targetHints":{"allow":["GET"]}}],"collection":[{"href":"https:\/\/www.europesays.com\/fr\/wp-json\/wp\/v2\/posts"}],"about":[{"href":"https:\/\/www.europesays.com\/fr\/wp-json\/wp\/v2\/types\/post"}],"author":[{"embeddable":true,"href":"https:\/\/www.europesays.com\/fr\/wp-json\/wp\/v2\/users\/2"}],"replies":[{"embeddable":true,"href":"https:\/\/www.europesays.com\/fr\/wp-json\/wp\/v2\/comments?post=250211"}],"version-history":[{"count":0,"href":"https:\/\/www.europesays.com\/fr\/wp-json\/wp\/v2\/posts\/250211\/revisions"}],"wp:featuredmedia":[{"embeddable":true,"href":"https:\/\/www.europesays.com\/fr\/wp-json\/wp\/v2\/media\/250212"}],"wp:attachment":[{"href":"https:\/\/www.europesays.com\/fr\/wp-json\/wp\/v2\/media?parent=250211"}],"wp:term":[{"taxonomy":"category","embeddable":true,"href":"https:\/\/www.europesays.com\/fr\/wp-json\/wp\/v2\/categories?post=250211"},{"taxonomy":"post_tag","embeddable":true,"href":"https:\/\/www.europesays.com\/fr\/wp-json\/wp\/v2\/tags?post=250211"}],"curies":[{"name":"wp","href":"https:\/\/api.w.org\/{rel}","templated":true}]}}