{"id":250217,"date":"2025-07-14T21:35:10","date_gmt":"2025-07-14T21:35:10","guid":{"rendered":"https:\/\/www.europesays.com\/fr\/250217\/"},"modified":"2025-07-14T21:35:10","modified_gmt":"2025-07-14T21:35:10","slug":"roche-la-moliere-les-livres-des-rouchons-a-emmener-en-vacances-on-setait-dit-le-premier-livre-de-babette-casteyo","status":"publish","type":"post","link":"https:\/\/www.europesays.com\/fr\/250217\/","title":{"rendered":"Roche-la-Moli\u00e8re \/ Les livres des Rouchons \u00e0 emmener en vacances. On s\u2019\u00e9tait dit\u2026 , le premier livre de Babette Casteyo"},"content":{"rendered":"<p>Babette Casteyo n\u2019aime pas ce qui est ordinaire ou convenu. Pour preuve, elle n\u2019a pas h\u00e9sit\u00e9 \u00e0 organiser une d\u00e9dicace chez Isabelle Fleurs avant No\u00ebl. \u00ab\u00a0J\u2019aime cette boutique, sa d\u00e9co, on s\u2019y sent bien. Isabelle Bertail, la fleuriste, est d\u2019une telle gentillesse, elle est bienveillante et aime encourager les initiatives de ce genre.\u00a0\u00bb<\/p>\n<p>Quand Babette Casteyo \u00e9crit un roman ou des po\u00e8mes, c\u2019est pareil. Elle aime se laisser guider par son inspiration, ses \u00e9motions. Elle aime \u00e9crire au gr\u00e9 du vent, au rythme de ses envies, inspir\u00e9e par une chanson ou un mot.<\/p>\n<p>Une histoire qui m\u00eale amour,&#8230;                        <\/p>\n","protected":false},"excerpt":{"rendered":"Babette Casteyo n\u2019aime pas ce qui est ordinaire ou convenu. Pour preuve, elle n\u2019a pas h\u00e9sit\u00e9 \u00e0 organiser&hellip;\n","protected":false},"author":2,"featured_media":250218,"comment_status":"","ping_status":"","sticky":false,"template":"","format":"standard","meta":{"footnotes":""},"categories":[1357],"tags":[1379,1687,58,7539,59,1011,27,1380,2410,12490,12491],"class_list":{"0":"post-250217","1":"post","2":"type-post","3":"status-publish","4":"format-standard","5":"has-post-thumbnail","7":"category-livres","8":"tag-books","9":"tag-culture-loisirs","10":"tag-divertissement","11":"tag-edition-loire-sud","12":"tag-entertainment","13":"tag-fr","14":"tag-france","15":"tag-livres","16":"tag-livres-bd","17":"tag-roche-la-moliere","18":"tag-roche-la-moliere-bassin"},"share_on_mastodon":{"url":"https:\/\/pubeurope.com\/@fr\/114853742211016744","error":""},"_links":{"self":[{"href":"https:\/\/www.europesays.com\/fr\/wp-json\/wp\/v2\/posts\/250217","targetHints":{"allow":["GET"]}}],"collection":[{"href":"https:\/\/www.europesays.com\/fr\/wp-json\/wp\/v2\/posts"}],"about":[{"href":"https:\/\/www.europesays.com\/fr\/wp-json\/wp\/v2\/types\/post"}],"author":[{"embeddable":true,"href":"https:\/\/www.europesays.com\/fr\/wp-json\/wp\/v2\/users\/2"}],"replies":[{"embeddable":true,"href":"https:\/\/www.europesays.com\/fr\/wp-json\/wp\/v2\/comments?post=250217"}],"version-history":[{"count":0,"href":"https:\/\/www.europesays.com\/fr\/wp-json\/wp\/v2\/posts\/250217\/revisions"}],"wp:featuredmedia":[{"embeddable":true,"href":"https:\/\/www.europesays.com\/fr\/wp-json\/wp\/v2\/media\/250218"}],"wp:attachment":[{"href":"https:\/\/www.europesays.com\/fr\/wp-json\/wp\/v2\/media?parent=250217"}],"wp:term":[{"taxonomy":"category","embeddable":true,"href":"https:\/\/www.europesays.com\/fr\/wp-json\/wp\/v2\/categories?post=250217"},{"taxonomy":"post_tag","embeddable":true,"href":"https:\/\/www.europesays.com\/fr\/wp-json\/wp\/v2\/tags?post=250217"}],"curies":[{"name":"wp","href":"https:\/\/api.w.org\/{rel}","templated":true}]}}