{"id":250225,"date":"2025-07-14T21:39:10","date_gmt":"2025-07-14T21:39:10","guid":{"rendered":"https:\/\/www.europesays.com\/fr\/250225\/"},"modified":"2025-07-14T21:39:10","modified_gmt":"2025-07-14T21:39:10","slug":"le-telediagnostic-dermatologique-en-pharmacie-utile-ou-contreproductif-liberation","status":"publish","type":"post","link":"https:\/\/www.europesays.com\/fr\/250225\/","title":{"rendered":"le t\u00e9l\u00e9diagnostic dermatologique en pharmacie, utile ou contreproductif\u00a0? \u2013 Lib\u00e9ration"},"content":{"rendered":"<p class=\"sc-ksZaOG ehjQrN text-element\">Cette petite tache granuleuse sur sa cuisse qui depuis plusieurs mois saigne \u00e0 r\u00e9p\u00e9tition, se r\u00e9g\u00e9n\u00e8re et grossit, avait fini par l\u2019obs\u00e9der. Mi-juin, au moment de r\u00e9gler ses emplettes de produits de beaut\u00e9 et de cr\u00e8me solaire, Melissa s\u2019\u00e9panche au comptoir de la pharmacie Lafayette de Douai (Nord). \u00abIls m\u2019ont parl\u00e9 de leur nouveau service de t\u00e9l\u00e9diagnostic des l\u00e9sions cutan\u00e9es, sourit la m\u00e8re de famille. J\u2019avais pris un rendez-vous avec ma g\u00e9n\u00e9raliste mais j\u2019avais encore un mois d\u2019attente. Leur examen prenait quinze minutes et j\u2019\u00e9tais fix\u00e9 sous trois jours. J\u2019ai d\u00e9cid\u00e9 de tester.\u00bb<\/p>\n<p class=\"sc-ksZaOG ehjQrN text-element\">Des patients \u00aben stress\u00bb, la responsable de l\u2019officine en a vu passer plus d\u2019une trentaine depuis deux mois qu\u2019elle propose le dispositif \u00e0 base d\u2019intelligence artificielle d\u00e9velopp\u00e9 par Anapix Medical et distribu\u00e9 par SkinMed. Des actifs comme Melissa, mais surtout des babyboomers. L\u2019insouciance des g\u00e9n\u00e9rations accro \u00e0 l\u2019huile de Mono\u00ef et au bronzage topless a fait place \u00e0 une crainte sourde. L\u2019exposition sans retenue aux UV, \u00e0 la plage pour les uns et <a href=\"https:\/\/www.liberation.fr\/societe\/2012\/05\/23\/le-gouvernement-tanne-par-les-cabines-a-uv_820834\/\" target=\"_blank\" rel=\"nofollow noopener\" title=\"https:\/\/www.liberation.fr\/societe\/2012\/05\/23\/le-gouvernement-tanne-par-les-cabines-a-uv_820834\/\">en cabine de bronzage<\/a> pour les autres, se lit d\u00e9sormais dans les statistiques. En l\u2019espace de trente ans, le nombre de <a href=\"https:\/\/www.liberation.fr\/societe\/sante\/le-risque-de-cancer-de-la-pe&lt;\/p&gt;&lt;\/div&gt;&lt;\/article&gt;&lt;\/div&gt;&lt;div data-fusion-lazy-id=\" f0f8vgvlad832fw=\"\" rel=\"nofollow noopener\" target=\"_blank\"><\/p>\n","protected":false},"excerpt":{"rendered":"Cette petite tache granuleuse sur sa cuisse qui depuis plusieurs mois saigne \u00e0 r\u00e9p\u00e9tition, se r\u00e9g\u00e9n\u00e8re et grossit,&hellip;\n","protected":false},"author":2,"featured_media":250226,"comment_status":"","ping_status":"","sticky":false,"template":"","format":"standard","meta":{"footnotes":""},"categories":[10],"tags":[101,1011,27,72,71],"class_list":{"0":"post-250225","1":"post","2":"type-post","3":"status-publish","4":"format-standard","5":"has-post-thumbnail","7":"category-sante","8":"tag-cancer","9":"tag-fr","10":"tag-france","11":"tag-health","12":"tag-sante"},"share_on_mastodon":{"url":"https:\/\/pubeurope.com\/@fr\/114853757754725944","error":""},"_links":{"self":[{"href":"https:\/\/www.europesays.com\/fr\/wp-json\/wp\/v2\/posts\/250225","targetHints":{"allow":["GET"]}}],"collection":[{"href":"https:\/\/www.europesays.com\/fr\/wp-json\/wp\/v2\/posts"}],"about":[{"href":"https:\/\/www.europesays.com\/fr\/wp-json\/wp\/v2\/types\/post"}],"author":[{"embeddable":true,"href":"https:\/\/www.europesays.com\/fr\/wp-json\/wp\/v2\/users\/2"}],"replies":[{"embeddable":true,"href":"https:\/\/www.europesays.com\/fr\/wp-json\/wp\/v2\/comments?post=250225"}],"version-history":[{"count":0,"href":"https:\/\/www.europesays.com\/fr\/wp-json\/wp\/v2\/posts\/250225\/revisions"}],"wp:featuredmedia":[{"embeddable":true,"href":"https:\/\/www.europesays.com\/fr\/wp-json\/wp\/v2\/media\/250226"}],"wp:attachment":[{"href":"https:\/\/www.europesays.com\/fr\/wp-json\/wp\/v2\/media?parent=250225"}],"wp:term":[{"taxonomy":"category","embeddable":true,"href":"https:\/\/www.europesays.com\/fr\/wp-json\/wp\/v2\/categories?post=250225"},{"taxonomy":"post_tag","embeddable":true,"href":"https:\/\/www.europesays.com\/fr\/wp-json\/wp\/v2\/tags?post=250225"}],"curies":[{"name":"wp","href":"https:\/\/api.w.org\/{rel}","templated":true}]}}