{"id":250229,"date":"2025-07-14T21:42:13","date_gmt":"2025-07-14T21:42:13","guid":{"rendered":"https:\/\/www.europesays.com\/fr\/250229\/"},"modified":"2025-07-14T21:42:13","modified_gmt":"2025-07-14T21:42:13","slug":"google-accelere-la-fusion-android-chromeos-la-nouvelle-interface-pourrait-bouleverser-smartphones-et-pc","status":"publish","type":"post","link":"https:\/\/www.europesays.com\/fr\/250229\/","title":{"rendered":"Google acc\u00e9l\u00e8re la fusion Android\u2013ChromeOS, la nouvelle interface pourrait bouleverser smartphones et PC"},"content":{"rendered":"<p class=\"ed__a-p ed__bdy__l\">Android et ChromeOS sont aujourd\u2019hui les deux principaux syst\u00e8mes d\u2019exploitation d\u00e9velopp\u00e9s par Google. Android \u00e9quipe la grande majorit\u00e9 des smartphones et tablettes dans le monde, tandis que ChromeOS est principalement utilis\u00e9 sur les ordinateurs portables Chromebook, con\u00e7us pour une utilisation l\u00e9g\u00e8re et connect\u00e9e au cloud.<\/p>\n<p class=\"ed__a-p ed__bdy__l\"><a href=\"https:\/\/www.lesnumeriques.com\/informatique\/chrome-os-android-fusion-pas-fusion-n46713.html\" title=\"Chrome OS et Android\u00a0: fusion ou pas fusion\u00a0?\" rel=\"nofollow noopener\" target=\"_blank\">Depuis plusieurs ann\u00e9es, Google travaille \u00e0 rapprocher ces deux environnements<\/a> pour offrir une exp\u00e9rience plus fluide et coh\u00e9rente \u00e0 ses utilisateurs. Toutefois, ce n\u2019est que maintenant que le projet semble devenir concret.<\/p>\n<p>            Publicit\u00e9, votre contenu continue ci-dessous<\/p>\n<p>        Publicit\u00e9<\/p>\n<p>Enfin une fusion de Android et Chrome OS ?<\/p>\n<p class=\"ed__a-p ed__bdy__l\"><a href=\"https:\/\/www.lesnumeriques.com\/intelligence-artificielle\/gemini-accede-desormais-a-certaines-applications-android-comment-l-en-empecher-n239556.html\" title=\"Gemini acc\u00e8de d\u00e9sormais \u00e0 certaines applications Android : comment l&#039;en emp\u00eacher\" rel=\"nofollow noopener\" target=\"_blank\">Android<\/a> et <a href=\"https:\/\/www.lesnumeriques.com\/appli-logiciel\/chrome-os-deuxieme-systeme-d-exploitation-le-plus-utilise-sur-ordinateurs-devant-macos-mais-derriere-windows-n160617.html\" title=\"Chrome OS\u00a0: deuxi\u00e8me syst\u00e8me d&#039;exploitation le plus utilis\u00e9 sur ordinateurs devant macOS, mais derri\u00e8re Windows\" rel=\"nofollow noopener\" target=\"_blank\">Chrome OS<\/a> pourraient enfin fusionner selon Sameer Samat, pr\u00e9sident de l&rsquo;\u00e9cosyst\u00e8me Android de Google, qui l\u2019a d\u00e9clar\u00e9 \u00e0 <a href=\"https:\/\/www.techradar.com\/phones\/android\/i-think-you-see-the-future-first-on-android-googles-android-leader-sameer-samat\" target=\"_blank\" rel=\"nofollow noopener\">TechRadar<\/a>.<\/p>\n<p class=\"ed__a-p ed__bdy__l\">\u00ab\u00a0Nous allons combiner Chrome OS et Android en une seule plateforme\u00a0\u00bb, a annonc\u00e9 l\u2019homme sans en d\u00e9voiler davantage. Officialis\u00e9 en 2024, il s&rsquo;agit d\u2019une des premi\u00e8res mentions de cet objectif depuis, ce qui montre que, bien que discret, il reste en projet.<\/p>\n<p class=\"ed__a-p ed__bdy__l\">Pour rappel, Android Authority r\u00e9v\u00e9lait l&rsquo;ann\u00e9e derni\u00e8re que Google pr\u00e9voyait de \u00ab\u00a0migrer ChromeOS vers Android\u00a0\u00bb afin de rivaliser avec l\u2019iPad. Puis, Google a annonc\u00e9 en juin dernier que ChromeOS serait d\u00e9sormais \u00ab\u00a0construit sur une large part de la base Android\u00a0\u00bb. Aujourd\u2019hui, les Chromebooks sont d\u00e9j\u00e0 capables de faire tourner un grand nombre d\u2019applications Android.<\/p>\n<p>Les avantages pour les utilisateurs<\/p>\n<p class=\"ed__a-p ed__bdy__l\">Regrouper les deux syst\u00e8mes d\u2019exploitation de Google a du sens, car cela permettrait de d\u00e9velopper plus vite de nouvelles fonctionnalit\u00e9s, surtout pour les tablettes o\u00f9 Android et ChromeOS sont moins performants qu\u2019iPadOS d\u2019Apple.<\/p>\n<p class=\"ed__a-p ed__bdy__l\">La fusion promet de simplifier et d\u2019am\u00e9liorer grandement l\u2019exp\u00e9rience utilisateur. En r\u00e9unissant ces deux syst\u00e8mes, Google vise \u00e0 offrir une meilleure compatibilit\u00e9 entre tous ses appareils, qu\u2019il s\u2019agisse de smartphones, tablettes, ordinateurs portables ou futurs appareils hybrides. Les utilisateurs b\u00e9n\u00e9ficieront ainsi d\u2019une interface unifi\u00e9e, fluide et adaptable selon la taille et le type d\u2019\u00e9cran utilis\u00e9.<\/p>\n<p class=\"ed__a-p ed__bdy__l\">De plus, cette plateforme unique permettra une optimisation renforc\u00e9e des applications, qui fonctionneront de mani\u00e8re transparente sur tous les supports.<br \/>De son c\u00f4t\u00e9, Android est d\u00e9j\u00e0 en train de faire un premier pas via son interface. Il s\u2019inspire davantage de ChromeOS cette ann\u00e9e, en int\u00e9grant des nouveaut\u00e9s comme un mode bureau, des fen\u00eatres ajustables et une meilleure gestion des \u00e9crans externes. Concernant les d\u00e9tails comme la date, comme on vous le disait, Google n\u2019a pas communiqu\u00e9 de calendrier officiel sur le d\u00e9ploiement, mais l\u2019entreprise n\u2019en est plus \u00e0 quelques ann\u00e9es pr\u00e8s.<\/p>\n","protected":false},"excerpt":{"rendered":"Android et ChromeOS sont aujourd\u2019hui les deux principaux syst\u00e8mes d\u2019exploitation d\u00e9velopp\u00e9s par Google. Android \u00e9quipe la grande majorit\u00e9&hellip;\n","protected":false},"author":2,"featured_media":250230,"comment_status":"","ping_status":"","sticky":false,"template":"","format":"standard","meta":{"footnotes":""},"categories":[7],"tags":[1011,27,43,40,41,39,42,44],"class_list":{"0":"post-250229","1":"post","2":"type-post","3":"status-publish","4":"format-standard","5":"has-post-thumbnail","7":"category-sciences-et-technologies","8":"tag-fr","9":"tag-france","10":"tag-science","11":"tag-science-and-technology","12":"tag-sciences","13":"tag-sciences-et-technologies","14":"tag-technologies","15":"tag-technology"},"share_on_mastodon":{"url":"https:\/\/pubeurope.com\/@fr\/114853769625528988","error":""},"_links":{"self":[{"href":"https:\/\/www.europesays.com\/fr\/wp-json\/wp\/v2\/posts\/250229","targetHints":{"allow":["GET"]}}],"collection":[{"href":"https:\/\/www.europesays.com\/fr\/wp-json\/wp\/v2\/posts"}],"about":[{"href":"https:\/\/www.europesays.com\/fr\/wp-json\/wp\/v2\/types\/post"}],"author":[{"embeddable":true,"href":"https:\/\/www.europesays.com\/fr\/wp-json\/wp\/v2\/users\/2"}],"replies":[{"embeddable":true,"href":"https:\/\/www.europesays.com\/fr\/wp-json\/wp\/v2\/comments?post=250229"}],"version-history":[{"count":0,"href":"https:\/\/www.europesays.com\/fr\/wp-json\/wp\/v2\/posts\/250229\/revisions"}],"wp:featuredmedia":[{"embeddable":true,"href":"https:\/\/www.europesays.com\/fr\/wp-json\/wp\/v2\/media\/250230"}],"wp:attachment":[{"href":"https:\/\/www.europesays.com\/fr\/wp-json\/wp\/v2\/media?parent=250229"}],"wp:term":[{"taxonomy":"category","embeddable":true,"href":"https:\/\/www.europesays.com\/fr\/wp-json\/wp\/v2\/categories?post=250229"},{"taxonomy":"post_tag","embeddable":true,"href":"https:\/\/www.europesays.com\/fr\/wp-json\/wp\/v2\/tags?post=250229"}],"curies":[{"name":"wp","href":"https:\/\/api.w.org\/{rel}","templated":true}]}}