{"id":250237,"date":"2025-07-14T21:46:10","date_gmt":"2025-07-14T21:46:10","guid":{"rendered":"https:\/\/www.europesays.com\/fr\/250237\/"},"modified":"2025-07-14T21:46:10","modified_gmt":"2025-07-14T21:46:10","slug":"thierry-breton-plaide-pour-une-negociation-europeenne-plus-politique","status":"publish","type":"post","link":"https:\/\/www.europesays.com\/fr\/250237\/","title":{"rendered":"Thierry Breton plaide pour une n\u00e9gociation europ\u00e9enne plus politique"},"content":{"rendered":"<p class=\"fig-paragraph\">L&rsquo;ex-commissaire europ\u00e9en\u00a0<a href=\"http:\/\/www.lefigaro.fr\/conjoncture\/donald-trump-ne-respecte-que-les-autocrates-et-les-multimilliardaires-thierry-breton-tire-les-lecons-du-basculement-de-l-amerique-20250330\" data-fig-type=\"Article\" data-gtm-custom-categorie=\"navigation\" data-gtm-custom-action=\"crossclick\" data-gtm-custom-label=\"Contextuel\" data-gtm-event=\"customEventSPE\" data-fig-domain=\"LEFIGARO\" target=\"_blank\" rel=\"noopener\">Thierry Breton<\/a>\u00a0a appel\u00e9 lundi la pr\u00e9sidente de la Commission europ\u00e9enne Ursula von der Leyen \u00e0 s&rsquo;impliquer directement dans les n\u00e9gociations commerciales avec les Am\u00e9ricains, sur fond de menaces de nouveaux droits de douanes par\u00a0<a href=\"http:\/\/www.lefigaro.fr\/international\/tentative-d-assassinat-de-donald-trump-un-an-apres-ou-en-est-l-enquete-20250713\" data-fig-type=\"Article\" data-gtm-custom-categorie=\"navigation\" data-gtm-custom-action=\"crossclick\" data-gtm-custom-label=\"Contextuel\" data-gtm-event=\"customEventSPE\" data-fig-domain=\"LEFIGARO\" target=\"_blank\" rel=\"noopener\">Donald Trump<\/a>.<\/p>\n<p class=\"fig-paragraph\">\u00abIl est temps de faire \u00e9voluer notre mode de n\u00e9gociation\u00bb, il est \u00abn\u00e9cessaire et urgent\u00bb de conf\u00e9rer une dimension \u00abplus politique\u00bb et moins technique \u00e0 la d\u00e9l\u00e9gation europ\u00e9enne, a estim\u00e9 l&rsquo;ex-commissaire europ\u00e9en au March\u00e9 int\u00e9rieur dans une interview au journal Les \u00c9chos,. Cette d\u00e9l\u00e9gation doit d\u00e9sormais \u00eatre men\u00e9e, selon lui, \u00abpar la pr\u00e9sidente de la Commission, Ursula von der Leyen en personne, compte tenu des enjeux et des personnalit\u00e9s politiques europ\u00e9ennes\u00bb.<\/p>\n<p>                                    <a class=\"fig-a11y-skip a11y-hidden\" href=\"#fig-a11y-skip-main-inarticle\"><br \/>\n        Passer la publicit\u00e9<br \/>\n    <\/a><\/p>\n<p class=\"fig-paragraph\">Ursula Von der Leyen avait r\u00e9agi samedi de fa\u00e7on mesur\u00e9e \u00e0 l&rsquo;annonce par le locataire de la Maison-Blanche de droits de douane de 30% \u00e0 l&rsquo;encontre de l&rsquo;Union europ\u00e9enne (UE), applicables au 1er ao\u00fbt. Dans l&rsquo;espoir d&rsquo;obtenir un accord plus favorable d&rsquo;ici cette date, elle a d\u00e9clar\u00e9 dimanche que Bruxelles n&rsquo;allait pas riposter aux droits de douane am\u00e9ricains sur l&rsquo;acier et l&rsquo;aluminium pour l&rsquo;instant. L&rsquo;UE avait pr\u00e9par\u00e9 des contre-mesures portant sur 21 milliards d&rsquo;euros de marchandises am\u00e9ricaines import\u00e9es en Europe, mais ces contre-mesures sont suspendues jusqu&rsquo;au 1er ao\u00fbt.<\/p>\n<p class=\"fig-paragraph\">\u00abNous sommes cens\u00e9s \u00eatre beaucoup plus forts \u00e0 27\u00bb et l&rsquo;UE est le \u00abpremier partenaire commercial des \u00c9tats-Unis avec un volume d&rsquo;\u00e9changes de plus de 1500 milliards d&rsquo;euros\u00bb, a soulign\u00e9 Thierry Breton. \u00abLa Commission se doit d&rsquo;obtenir un meilleur accord que les Britanniques. Le contraire ne serait pas acceptable\u00bb, a jug\u00e9 l&rsquo;ex-commissaire europ\u00e9en, ajoutant que \u00abdes centaines de milliers d&#8217;emplois europ\u00e9ens sont en jeu\u00bb dans les n\u00e9gociations en cours.<\/p>\n<p class=\"fig-paragraph\">Jusqu&rsquo;\u00e0 pr\u00e9sent, les responsables am\u00e9ricains n&rsquo;ont d\u00e9voil\u00e9 que deux accords, avec le Royaume-Uni et le Vietnam, ainsi qu&rsquo;une r\u00e9duction provisoire des droits de douane avec la Chine. La Commission europ\u00e9enne a propos\u00e9 lundi aux 27 pays de l&rsquo;UE des repr\u00e9sailles possibles \u00e0 hauteur de 72 milliards d&rsquo;euros dans le cas o\u00f9 les \u00c9tats-Unis imposeraient bel et bien des droits de douanes de 30% sur leurs importations en provenance de l&rsquo;UE.<\/p>\n","protected":false},"excerpt":{"rendered":"L&rsquo;ex-commissaire europ\u00e9en\u00a0Thierry Breton\u00a0a appel\u00e9 lundi la pr\u00e9sidente de la Commission europ\u00e9enne Ursula von der Leyen \u00e0 s&rsquo;impliquer directement&hellip;\n","protected":false},"author":2,"featured_media":250238,"comment_status":"","ping_status":"","sticky":false,"template":"","format":"standard","meta":{"footnotes":""},"categories":[2],"tags":[11,75,1011,27,12,39049],"class_list":{"0":"post-250237","1":"post","2":"type-post","3":"status-publish","4":"format-standard","5":"has-post-thumbnail","7":"category-actualites","8":"tag-actualites","9":"tag-donald-trump","10":"tag-fr","11":"tag-france","12":"tag-news","13":"tag-thierry-breton"},"share_on_mastodon":{"url":"https:\/\/pubeurope.com\/@fr\/114853785293577976","error":""},"_links":{"self":[{"href":"https:\/\/www.europesays.com\/fr\/wp-json\/wp\/v2\/posts\/250237","targetHints":{"allow":["GET"]}}],"collection":[{"href":"https:\/\/www.europesays.com\/fr\/wp-json\/wp\/v2\/posts"}],"about":[{"href":"https:\/\/www.europesays.com\/fr\/wp-json\/wp\/v2\/types\/post"}],"author":[{"embeddable":true,"href":"https:\/\/www.europesays.com\/fr\/wp-json\/wp\/v2\/users\/2"}],"replies":[{"embeddable":true,"href":"https:\/\/www.europesays.com\/fr\/wp-json\/wp\/v2\/comments?post=250237"}],"version-history":[{"count":0,"href":"https:\/\/www.europesays.com\/fr\/wp-json\/wp\/v2\/posts\/250237\/revisions"}],"wp:featuredmedia":[{"embeddable":true,"href":"https:\/\/www.europesays.com\/fr\/wp-json\/wp\/v2\/media\/250238"}],"wp:attachment":[{"href":"https:\/\/www.europesays.com\/fr\/wp-json\/wp\/v2\/media?parent=250237"}],"wp:term":[{"taxonomy":"category","embeddable":true,"href":"https:\/\/www.europesays.com\/fr\/wp-json\/wp\/v2\/categories?post=250237"},{"taxonomy":"post_tag","embeddable":true,"href":"https:\/\/www.europesays.com\/fr\/wp-json\/wp\/v2\/tags?post=250237"}],"curies":[{"name":"wp","href":"https:\/\/api.w.org\/{rel}","templated":true}]}}