{"id":250239,"date":"2025-07-14T21:48:13","date_gmt":"2025-07-14T21:48:13","guid":{"rendered":"https:\/\/www.europesays.com\/fr\/250239\/"},"modified":"2025-07-14T21:48:13","modified_gmt":"2025-07-14T21:48:13","slug":"mort-de-thierry-ardisson-sa-meilleure-amie-stephanoise","status":"publish","type":"post","link":"https:\/\/www.europesays.com\/fr\/250239\/","title":{"rendered":"MORT DE THIERRY ARDISSON : SA MEILLEURE AMIE ST\u00c9PHANOISE"},"content":{"rendered":"<p>                <a href=\"https:\/\/cadenceradio.fr\" target=\"_blank\" aria-label=\"Banni\u00e8re Cadence 2025\" rel=\"noopener\"><img loading=\"lazy\" decoding=\"async\" src=\"https:\/\/www.europesays.com\/fr\/wp-content\/uploads\/2025\/07\/Banniere-Cadence-2025-scaled.jpg\" alt=\"\"   width=\"2560\" height=\"738\"\/><\/a><\/p>\n<p>Le monde de la t\u00e9l\u00e9vision fran\u00e7aise est en deuil. Thierry Ardisson, figure embl\u00e9matique du petit \u00e9cran, nous a quitt\u00e9s ce lundi 14 juillet \u00e0 l\u2019\u00e2ge de 76 ans. L\u2019homme de t\u00e9l\u00e9 avait une amie fid\u00e8le \u00e0 Saint-\u00c9tienne.<\/p>\n<p>Un lien particulier avec Saint-\u00c9tienne<\/p>\n<p>Peu connu du grand public, Thierry Ardisson entretenait des liens privil\u00e9gi\u00e9s avec la ville de Saint-\u00c9tienne. Sa meilleure amie, B\u00e9atrice, r\u00e9sidait dans la cit\u00e9 du Forez, ce qui avait amen\u00e9 l\u2019animateur \u00e0 effectuer de nombreux s\u00e9jours dans la Loire. En 1992, profitant de ses visites, il s\u2019\u00e9tait rendu \u00e0 plusieurs reprises au stade Geoffroy-Guichard pour encourager l\u2019AS Saint-\u00c9tienne. \u00ab\u00a0En 1992, il ne ratait jamais une occasion de m\u2019accompagner au stade m\u00eame si il n\u2019\u00e9tait pas tr\u00e8s foot \u00e0 la base. Il disait que l\u2019ambiance de Geoffroy-Guichard lui rappelait la vraie passion populaire, loin des paillettes parisiennes\u00a0\u00bb raconte St\u00e9phanie. Ces moments loin des plateaux t\u00e9l\u00e9vis\u00e9s r\u00e9v\u00e9laient une facette plus intime de l\u2019homme qui avait conquis le public fran\u00e7ais. \u00ab\u00a0Quand les Verts marquaient, Thierry sautait de joie comme un gamin. Il aimait cette authenticit\u00e9, cette \u00e9motion brute qu\u2019on ne trouve pas dans les plateaux t\u00e9l\u00e9. Il me disait souvent que Saint-\u00c9tienne lui permettait de retrouver ses racines de la province \u00e0 Bourganeuf ou il \u00e9tait n\u00e9. Et pourtant il ne pigeait pas grand-chose au foot\u00a0\u00bb raconte cette femme native de Saint-\u00c9tienne. \u00ab\u00a0Avec moi, il n\u2019\u00e9tait plus l\u2019homme en noir de la t\u00e9l\u00e9, mais simplement Thierry, un ami fid\u00e8le qui partageait nos joies et nos peines, ces escapades dans la Loire comptaient \u00e9norm\u00e9ment pour lui. Je suis tellement triste de sa disparition.\u00a0\u00bb Thierry Ardisson \u00e0 fait une vingtaine d\u2019aller retour entre Paris et Saint-\u00c9tienne.<\/p>\n<p>Un r\u00e9volutionnaire du petit \u00e9cran<\/p>\n<p>Reconnaissable \u00e0 sa silhouette toujours v\u00eatue de noir, d\u2019o\u00f9 son surnom, et \u00e0 son sourire caract\u00e9ristique, Ardisson a r\u00e9volutionn\u00e9 l\u2019univers t\u00e9l\u00e9visuel fran\u00e7ais. L\u2019homme \u00e0 d\u00e9but\u00e9 comme DJ \u00e0 17 ans \u00e0 la discoth\u00e8que au Whisky a Gogo \u00e0 Juan-les-pins puis devient publiciste. Ses \u00e9missions l\u00e9gendaires comme \u00ab\u00a0Bains de minuit\u00a0\u00bb, \u00ab\u00a0Lunettes noires pour nuits blanches\u00a0\u00bb ou \u00ab\u00a0Tout le monde en parle\u00a0\u00bb ont marqu\u00e9 plusieurs g\u00e9n\u00e9rations de t\u00e9l\u00e9spectateurs. Son style d\u2019interview, direct et parfois d\u00e9stabilisant, ainsi que ses formules cultes comme \u00ab\u00a0Magn\u00e9to, Serge !\u00a0\u00bb sont entr\u00e9s dans la culture populaire. L\u2019ancien publicitaire avait pour ambition de faire parler les invit\u00e9s comme dans la vie, abordant sans d\u00e9tour les sujets de soci\u00e9t\u00e9.<\/p>\n<p>Un parcours exceptionnel<\/p>\n<p>Ardisson avait construit sa carri\u00e8re sur l\u2019audace et l\u2019innovation. Apr\u00e8s \u00ab\u00a0Tout le monde en parle\u00a0\u00bb qui l\u2019avait consacr\u00e9 sur France 2, il avait poursuivi avec \u00ab\u00a0Salut les Terriens\u00a0\u00bb sur Canal+ puis C8, avant de revenir bri\u00e8vement en 2022 avec \u00ab\u00a0H\u00f4tel du temps\u00a0\u00bb sur France 3. Personnalit\u00e9 controvers\u00e9e mais respect\u00e9e, il laisse derri\u00e8re lui un h\u00e9ritage t\u00e9l\u00e9visuel consid\u00e9rable avec 35 \u00e9missions \u00e0 son actif, immortalis\u00e9es par la cha\u00eene YouTube \u00ab\u00a0Arditube\u00a0\u00bb lanc\u00e9e par l\u2019INA. Thierry Ardisson s\u2019\u00e9teint ainsi, laissant orphelin un paysage audiovisuel fran\u00e7ais qu\u2019il avait contribu\u00e9 \u00e0 transformer par son talent et son caract\u00e8re unique.<\/p>\n","protected":false},"excerpt":{"rendered":"Le monde de la t\u00e9l\u00e9vision fran\u00e7aise est en deuil. Thierry Ardisson, figure embl\u00e9matique du petit \u00e9cran, nous a&hellip;\n","protected":false},"author":2,"featured_media":250240,"comment_status":"","ping_status":"","sticky":false,"template":"","format":"standard","meta":{"footnotes":""},"categories":[9653],"tags":[1111,11,2430,1777,674,1011,27,3367,12,25,4001,10058],"class_list":{"0":"post-250239","1":"post","2":"type-post","3":"status-publish","4":"format-standard","5":"has-post-thumbnail","7":"category-saint-etienne","8":"tag-actu","9":"tag-actualites","10":"tag-auvergne-rhone-alpes","11":"tag-eu","12":"tag-europe","13":"tag-fr","14":"tag-france","15":"tag-loire","16":"tag-news","17":"tag-republique-francaise","18":"tag-saint-etienne","19":"tag-thierry-ardisson"},"share_on_mastodon":{"url":"https:\/\/pubeurope.com\/@fr\/114853793209067254","error":""},"_links":{"self":[{"href":"https:\/\/www.europesays.com\/fr\/wp-json\/wp\/v2\/posts\/250239","targetHints":{"allow":["GET"]}}],"collection":[{"href":"https:\/\/www.europesays.com\/fr\/wp-json\/wp\/v2\/posts"}],"about":[{"href":"https:\/\/www.europesays.com\/fr\/wp-json\/wp\/v2\/types\/post"}],"author":[{"embeddable":true,"href":"https:\/\/www.europesays.com\/fr\/wp-json\/wp\/v2\/users\/2"}],"replies":[{"embeddable":true,"href":"https:\/\/www.europesays.com\/fr\/wp-json\/wp\/v2\/comments?post=250239"}],"version-history":[{"count":0,"href":"https:\/\/www.europesays.com\/fr\/wp-json\/wp\/v2\/posts\/250239\/revisions"}],"wp:featuredmedia":[{"embeddable":true,"href":"https:\/\/www.europesays.com\/fr\/wp-json\/wp\/v2\/media\/250240"}],"wp:attachment":[{"href":"https:\/\/www.europesays.com\/fr\/wp-json\/wp\/v2\/media?parent=250239"}],"wp:term":[{"taxonomy":"category","embeddable":true,"href":"https:\/\/www.europesays.com\/fr\/wp-json\/wp\/v2\/categories?post=250239"},{"taxonomy":"post_tag","embeddable":true,"href":"https:\/\/www.europesays.com\/fr\/wp-json\/wp\/v2\/tags?post=250239"}],"curies":[{"name":"wp","href":"https:\/\/api.w.org\/{rel}","templated":true}]}}