{"id":250245,"date":"2025-07-14T21:51:10","date_gmt":"2025-07-14T21:51:10","guid":{"rendered":"https:\/\/www.europesays.com\/fr\/250245\/"},"modified":"2025-07-14T21:51:10","modified_gmt":"2025-07-14T21:51:10","slug":"la-en-trois-semaines-cest-regle-a-la-seyne-des-squats-evacues-selon-une-procedure-acceleree","status":"publish","type":"post","link":"https:\/\/www.europesays.com\/fr\/250245\/","title":{"rendered":"\u00ab\u00a0L\u00e0, en trois semaines c\u2019est r\u00e9gl\u00e9\u00a0\u00bb: \u00e0 La Seyne, des squats \u00e9vacu\u00e9s selon une proc\u00e9dure acc\u00e9l\u00e9r\u00e9e"},"content":{"rendered":"<p>La cit\u00e9 Berthe \u00e0 La Seyne championne des logements vacants ou squatt\u00e9s dans le Var? \u00ab\u00a0Quand nous sommes arriv\u00e9s il y a cinq ans, il y avait plus de 500 logements [concern\u00e9s], soit 10% du parc locatif\u00a0\u00bb, pose Cheikh Mansour, adjoint \u00e0 la politique de la ville. \u00ab\u00a0Feux d\u2019appartement, agressivit\u00e9&#8230; On recevait des dol\u00e9ances par dizaines.\u00a0\u00bb<\/p>\n<p>L\u2019\u00e9lu local est venu constater par lui-m\u00eame le d\u00e9roulement d\u2019une op\u00e9ration de r\u00e9cup\u00e9ration de logements squatt\u00e9s dans la tour de l\u2019\u00c9peautre.<\/p>\n<p>Ce vendredi matin, une douzaine de policiers seynois ont ainsi investi la r\u00e9sidence de seize \u00e9tages (pour pr\u00e8s de 70 logements) apr\u00e8s que le bailleur social Toulon Habitat M\u00e9diterran\u00e9e (THM) a port\u00e9 plainte pour l\u2019occupation illicite de huit appartements.<\/p>\n<p>Dans le sillage des forces de l\u2019ordre, un serrurier proc\u00e8de aux ouvertures de portes quand cela est n\u00e9cessaire. Ce jour-l\u00e0, la plupart des occupants \u2013 pr\u00e9alablement mis en demeure \u2013 ont d\u00e9j\u00e0 quitt\u00e9 les lieux sans faire d\u2019histoires en emportant avec eux un sac, voire un matelas.<\/p>\n<p>Un dernier squatteur, jeune majeur sans titre de s\u00e9jour, a quant \u00e0 lui \u00e9t\u00e9 appr\u00e9hend\u00e9 dans un appartement du quatri\u00e8me \u00e9tage et plac\u00e9 en r\u00e9tention administrative.<\/p>\n<p>\u00ab\u00a0En trois semaines, c\u2019est r\u00e9gl\u00e9\u00a0\u00bb<\/p>\n<p>C\u2019est l\u2019aboutissement d\u2019une proc\u00e9dure d\u2019expulsion acc\u00e9l\u00e9r\u00e9e et facilit\u00e9e par une modification de la loi Dalo (1) en juillet 2023.<\/p>\n<p>Si la mise en \u0153uvre de ce dispositif \u00ab\u00a0anti-squats\u00a0\u00bb (2) a eu du mal \u00e0 d\u00e9marrer, selon <a href=\"https:\/\/www.assemblee-nationale.fr\/dyn\/16\/rapports\/cion-eco\/l16b2624_rapport-information.pdf\" target=\"_blank\" rel=\"noopener\">un rapport d\u2019\u00e9valuation parlementaire publi\u00e9 en 2024<\/a>, il assouplit les conditions d\u2019\u00e9vacuation forc\u00e9e d\u2019un logement occup\u00e9 ill\u00e9galement.<\/p>\n<p>Sans passer devant un juge. \u00ab\u00a0Avant, il fallait huit \u00e0 quatorze mois pour obtenir l\u2019ex\u00e9cution d\u2019une d\u00e9cision\u00a0\u00bb, jauge Jacques Vandebeulque, directeur g\u00e9n\u00e9ral adjoint \u00e0 THM.<\/p>\n<p>\u00ab\u00a0L\u00e0, en trois semaines c\u2019est r\u00e9gl\u00e9\u00a0\u00bb, applaudit Cheikh Mansour. Un constat effectu\u00e9 par un commissaire de justice (ex-huissier) et une plainte suffisent \u00e0 mettre en branle la machine administrative.<\/p>\n<p>\u00ab\u00a0Nous sommes charg\u00e9s de mettre en \u0153uvre une d\u00e9cision du repr\u00e9sentant de l\u2019\u00c9tat\u00a0\u00bb, confirme le commissaire Jean-Charles Baudo\u00fcin qui se f\u00e9licite de la coordination, formalis\u00e9e par une convention, entre les parties prenantes.<\/p>\n<p>La pr\u00e9fecture reste n\u00e9anmoins tenue de proc\u00e9der \u00e0 une enqu\u00eate sociale avant d\u2019ordonner une \u00e9vacuation forc\u00e9e.<\/p>\n<p>\u00ab\u00a0Il est n\u00e9cessaire que vous puissiez \u00e9valuer les possibilit\u00e9s d\u2019h\u00e9bergement ou de relogement des personnes concern\u00e9es, notamment lorsque sont concern\u00e9s des publics vuln\u00e9rables, et plus particuli\u00e8rement des mineurs\u00a0\u00bb, pr\u00e9cise une circulaire interminist\u00e9rielle adress\u00e9e le 2 mai 2024 aux pr\u00e9fets.<\/p>\n<p>Un ph\u00e9nom\u00e8ne \u00ab\u00a0historique\u00a0\u00bb<\/p>\n<p>\u00c0 l\u2019\u00c9peautre ce vendredi matin, point d\u2019enfants \u00e0 prendre en charge. On est confront\u00e9 \u00e0 des \u00ab\u00a0squatteurs itin\u00e9rants\u00a0\u00bb, explique Jacques Vandebeulque.<\/p>\n<p>Des travailleurs clandestins, avancent la police et la mairie. En tout cas, \u00ab\u00a0des personnes isol\u00e9es qui passent outre toutes les d\u00e9marches\u00a0\u00bb.<\/p>\n<p>Le \u00ab\u00a0ph\u00e9nom\u00e8ne\u00a0\u00bb tiendrait \u00e0 une r\u00e9putation solidement ancr\u00e9e. \u00ab\u00a0Historiquement, il est su que sur La Seyne on pouvait squatter [plus qu\u2019ailleurs]&#8230;\u00a0\u00bb, regrette le directeur adjoint de THM.<\/p>\n<p>Les huit appartements \u00ab\u00a0lib\u00e9r\u00e9s\u00a0\u00bb ce vendredi, et au passage vingt autres logements vacants, devaient faire l\u2019objet de la mise en place non seulement de portes s\u00e9curis\u00e9es, mais aussi d\u2019un syst\u00e8me de t\u00e9l\u00e9surveillance pilot\u00e9 par un prestataire priv\u00e9. \u00ab\u00a0En cas d\u2019intrusion, un op\u00e9rateur pr\u00e9vient le squatteur par haut-parleur et alerte la police.\u00a0\u00bb<\/p>\n<p>Il faudra attendre encore quelques mois avant que ces locaux soient remis en \u00e9tat en vue de leur attribution.<\/p>\n<p>S\u00e9curit\u00e9 et de justice sociale<\/p>\n<p>\u00ab\u00a0Il y a un enjeu de s\u00e9curit\u00e9\u00a0\u00bb, justifie par ailleurs le commissaire Baudo\u00fcin. \u00ab\u00a0Pour les habitants, ce n\u2019est pas s\u00e9curisant d\u2019avoir un voisin qui casse une porte pour s\u2019installer. Il y a des risques d\u2019incendie avec les branchements \u00e9lectriques sauvages, etc. Il y a aussi un enjeu de justice sociale quand des gens s\u2019approprient des appartements que d\u2019autres attendent l\u00e9galement.\u00a0\u00bb<\/p>\n<p>Selon Cheikh Mansour, trois mille Seynois et m\u00eame douze mille habitants de la m\u00e9tropole toulonnaise seraient en attente d\u2019un logement social. Le quartier Berthe comporte encore plus de trois cents logements vacants ou squatt\u00e9s, pr\u00e9cise THM.<\/p>\n<p>1. Droit au logement opposable.<\/p>\n<p>2. Un squat est un logement dans lequel l\u2019occupant a p\u00e9n\u00e9tr\u00e9 ill\u00e9galement avant de s\u2019y maintenir. Les affaires de loyers impay\u00e9s n\u2019entrent pas dans ce cadre.<\/p>\n","protected":false},"excerpt":{"rendered":"La cit\u00e9 Berthe \u00e0 La Seyne championne des logements vacants ou squatt\u00e9s dans le Var? \u00ab\u00a0Quand nous sommes&hellip;\n","protected":false},"author":2,"featured_media":250246,"comment_status":"","ping_status":"","sticky":false,"template":"","format":"standard","meta":{"footnotes":""},"categories":[9619],"tags":[1111,11,1777,674,332,1011,27,12,882,25,2310],"class_list":{"0":"post-250245","1":"post","2":"type-post","3":"status-publish","4":"format-standard","5":"has-post-thumbnail","7":"category-toulon","8":"tag-actu","9":"tag-actualites","10":"tag-eu","11":"tag-europe","12":"tag-faits-de-societe","13":"tag-fr","14":"tag-france","15":"tag-news","16":"tag-provence-alpes-cote-dazur","17":"tag-republique-francaise","18":"tag-toulon"},"share_on_mastodon":{"url":"https:\/\/pubeurope.com\/@fr\/114853805002845510","error":""},"_links":{"self":[{"href":"https:\/\/www.europesays.com\/fr\/wp-json\/wp\/v2\/posts\/250245","targetHints":{"allow":["GET"]}}],"collection":[{"href":"https:\/\/www.europesays.com\/fr\/wp-json\/wp\/v2\/posts"}],"about":[{"href":"https:\/\/www.europesays.com\/fr\/wp-json\/wp\/v2\/types\/post"}],"author":[{"embeddable":true,"href":"https:\/\/www.europesays.com\/fr\/wp-json\/wp\/v2\/users\/2"}],"replies":[{"embeddable":true,"href":"https:\/\/www.europesays.com\/fr\/wp-json\/wp\/v2\/comments?post=250245"}],"version-history":[{"count":0,"href":"https:\/\/www.europesays.com\/fr\/wp-json\/wp\/v2\/posts\/250245\/revisions"}],"wp:featuredmedia":[{"embeddable":true,"href":"https:\/\/www.europesays.com\/fr\/wp-json\/wp\/v2\/media\/250246"}],"wp:attachment":[{"href":"https:\/\/www.europesays.com\/fr\/wp-json\/wp\/v2\/media?parent=250245"}],"wp:term":[{"taxonomy":"category","embeddable":true,"href":"https:\/\/www.europesays.com\/fr\/wp-json\/wp\/v2\/categories?post=250245"},{"taxonomy":"post_tag","embeddable":true,"href":"https:\/\/www.europesays.com\/fr\/wp-json\/wp\/v2\/tags?post=250245"}],"curies":[{"name":"wp","href":"https:\/\/api.w.org\/{rel}","templated":true}]}}