{"id":250248,"date":"2025-07-14T21:53:13","date_gmt":"2025-07-14T21:53:13","guid":{"rendered":"https:\/\/www.europesays.com\/fr\/250248\/"},"modified":"2025-07-14T21:53:13","modified_gmt":"2025-07-14T21:53:13","slug":"20-postes-a-pourvoir-sans-concours-au-chu-de-montpellier","status":"publish","type":"post","link":"https:\/\/www.europesays.com\/fr\/250248\/","title":{"rendered":"20 postes \u00e0 pourvoir sans concours au CHU de Montpellier"},"content":{"rendered":"<p>Le CHU de Montpellier ouvre un recrutement sans concours afin de pourvoir vingt postes d\u2019agents d\u2019entretien qualifi\u00e9s. Une opportunit\u00e9 accessible sans condition de dipl\u00f4me. Pour postuler, il est toutefois n\u00e9cessaire de remplir certaines conditions\u00a0: \u00eatre de nationalit\u00e9 fran\u00e7aise ou ressortissant de l\u2019Union europ\u00e9enne, jouir de ses droits civiques, pr\u00e9senter un casier judiciaire compatible avec le poste, et \u00eatre en r\u00e8gle vis-\u00e0-vis du service national.<\/p>\n<p>Les candidatures sont \u00e0 d\u00e9poser avant le 1er\u00a0ao\u00fbt prochain, exclusivement par courrier recommand\u00e9 avec accus\u00e9 de r\u00e9ception. Une commission examinera les dossiers et \u00e9tablira une liste des candidats retenus, class\u00e9s par ordre de m\u00e9rite. \u00ab\u00a0Il n\u2019y aura pas d\u2019oral\u00a0\u00bb, pr\u00e9cise l\u2019\u00e9tablissement hospitalier.<\/p>\n<p><strong>Pour en savoir plus et candidater, cliquez <a href=\"https:\/\/www.chu-montpellier.fr\/fileadmin\/medias\/Pages\/A-propos-du-CHU\/Travailler-au-CHU\/Examens-et-concours\/2025-RSC-AEQ-Ouverture-notice-dossier-d-inscription.pdf\" class=\"spip_out\" rel=\"external noopener\" target=\"_blank\">ici<\/a><\/strong><\/p>\n","protected":false},"excerpt":{"rendered":"Le CHU de Montpellier ouvre un recrutement sans concours afin de pourvoir vingt postes d\u2019agents d\u2019entretien qualifi\u00e9s. Une&hellip;\n","protected":false},"author":2,"featured_media":24040,"comment_status":"","ping_status":"","sticky":false,"template":"","format":"standard","meta":{"footnotes":""},"categories":[9599],"tags":[1111,11,15154,341,1777,674,1011,27,2208,12,2680,25,71,1858],"class_list":{"0":"post-250248","1":"post","2":"type-post","3":"status-publish","4":"format-standard","5":"has-post-thumbnail","7":"category-montpellier","8":"tag-actu","9":"tag-actualites","10":"tag-chu-de-montpellier","11":"tag-emploi","12":"tag-eu","13":"tag-europe","14":"tag-fr","15":"tag-france","16":"tag-montpellier","17":"tag-news","18":"tag-occitanie","19":"tag-republique-francaise","20":"tag-sante","21":"tag-services"},"share_on_mastodon":{"url":"https:\/\/pubeurope.com\/@fr\/114853812776603670","error":""},"_links":{"self":[{"href":"https:\/\/www.europesays.com\/fr\/wp-json\/wp\/v2\/posts\/250248","targetHints":{"allow":["GET"]}}],"collection":[{"href":"https:\/\/www.europesays.com\/fr\/wp-json\/wp\/v2\/posts"}],"about":[{"href":"https:\/\/www.europesays.com\/fr\/wp-json\/wp\/v2\/types\/post"}],"author":[{"embeddable":true,"href":"https:\/\/www.europesays.com\/fr\/wp-json\/wp\/v2\/users\/2"}],"replies":[{"embeddable":true,"href":"https:\/\/www.europesays.com\/fr\/wp-json\/wp\/v2\/comments?post=250248"}],"version-history":[{"count":0,"href":"https:\/\/www.europesays.com\/fr\/wp-json\/wp\/v2\/posts\/250248\/revisions"}],"wp:featuredmedia":[{"embeddable":true,"href":"https:\/\/www.europesays.com\/fr\/wp-json\/wp\/v2\/media\/24040"}],"wp:attachment":[{"href":"https:\/\/www.europesays.com\/fr\/wp-json\/wp\/v2\/media?parent=250248"}],"wp:term":[{"taxonomy":"category","embeddable":true,"href":"https:\/\/www.europesays.com\/fr\/wp-json\/wp\/v2\/categories?post=250248"},{"taxonomy":"post_tag","embeddable":true,"href":"https:\/\/www.europesays.com\/fr\/wp-json\/wp\/v2\/tags?post=250248"}],"curies":[{"name":"wp","href":"https:\/\/api.w.org\/{rel}","templated":true}]}}