{"id":25025,"date":"2025-04-14T19:33:08","date_gmt":"2025-04-14T19:33:08","guid":{"rendered":"https:\/\/www.europesays.com\/fr\/25025\/"},"modified":"2025-04-14T19:33:08","modified_gmt":"2025-04-14T19:33:08","slug":"guerre-en-ukraine-la-russie-tue-plus-de-30-civils-a-soumy-une-erreur-pour-donald-trump","status":"publish","type":"post","link":"https:\/\/www.europesays.com\/fr\/25025\/","title":{"rendered":"Guerre en Ukraine\u00a0: la Russie tue plus de 30 civils \u00e0 Soumy, une \u00ab\u00a0erreur\u00a0\u00bb pour Donald Trump"},"content":{"rendered":"<p>Dans l\u2019oblast de Kharkiv, les affrontements demeurent extr\u00eamement violents \u00e0 Koupiansk. La ville ukrainienne, qui se situe dans le Donbass, a subi lundi des tirs d\u2019artillerie et de roquette de l\u2019arm\u00e9e russe. Plus t\u00f4t, deux missiles balistiques ont vis\u00e9 le <a href=\"https:\/\/www.humanite.fr\/monde\/guerre-en-ukraine\/guerre-en-ukraine-au-moins-32-morts-dans-un-bombardement-russe-sur-la-ville-de-soumy-dans-le-nord-est-du-pays\" data-type=\"post\" data-id=\"2774914\" target=\"_blank\" rel=\"noopener\">centre-ville de Soumy<\/a>, \u00e0 une trentaine de kilom\u00e8tres de la fronti\u00e8re et de la r\u00e9gion russe de Koursk. Ce bombardement a fait au moins 35 morts et 117 bless\u00e9s, dimanche. Avant l\u2019invasion russe en f\u00e9vrier 2022, la ville comptait environ 250\u00a0000 habitants. D\u00e9sormais, elle sert de refuge aux civils ukrainiens qui fuient les villes et villages situ\u00e9s le long de la fronti\u00e8re russe.<\/p>\n<p>L\u2019attaque a vis\u00e9 essentiellement \u00ab\u00a0des b\u00e2timents civils du centre-ville\u00a0\u00bb, a&#8230;<\/p>\n","protected":false},"excerpt":{"rendered":"Dans l\u2019oblast de Kharkiv, les affrontements demeurent extr\u00eamement violents \u00e0 Koupiansk. La ville ukrainienne, qui se situe dans&hellip;\n","protected":false},"author":2,"featured_media":25026,"comment_status":"","ping_status":"","sticky":false,"template":"","format":"standard","meta":{"footnotes":""},"categories":[1591],"tags":[11,8998,1887,131,12,1885,1886,132,770,220],"class_list":{"0":"post-25025","1":"post","2":"type-post","3":"status-publish","4":"format-standard","5":"has-post-thumbnail","7":"category-russie","8":"tag-actualites","9":"tag-donbass","10":"tag-federation-de-russie","11":"tag-guerre-en-ukraine","12":"tag-news","13":"tag-russia","14":"tag-russian-federation","15":"tag-russie","16":"tag-u00e9tats-unis","17":"tag-ukraine"},"share_on_mastodon":{"url":"https:\/\/pubeurope.com\/@fr\/114337992134022494","error":""},"_links":{"self":[{"href":"https:\/\/www.europesays.com\/fr\/wp-json\/wp\/v2\/posts\/25025","targetHints":{"allow":["GET"]}}],"collection":[{"href":"https:\/\/www.europesays.com\/fr\/wp-json\/wp\/v2\/posts"}],"about":[{"href":"https:\/\/www.europesays.com\/fr\/wp-json\/wp\/v2\/types\/post"}],"author":[{"embeddable":true,"href":"https:\/\/www.europesays.com\/fr\/wp-json\/wp\/v2\/users\/2"}],"replies":[{"embeddable":true,"href":"https:\/\/www.europesays.com\/fr\/wp-json\/wp\/v2\/comments?post=25025"}],"version-history":[{"count":0,"href":"https:\/\/www.europesays.com\/fr\/wp-json\/wp\/v2\/posts\/25025\/revisions"}],"wp:featuredmedia":[{"embeddable":true,"href":"https:\/\/www.europesays.com\/fr\/wp-json\/wp\/v2\/media\/25026"}],"wp:attachment":[{"href":"https:\/\/www.europesays.com\/fr\/wp-json\/wp\/v2\/media?parent=25025"}],"wp:term":[{"taxonomy":"category","embeddable":true,"href":"https:\/\/www.europesays.com\/fr\/wp-json\/wp\/v2\/categories?post=25025"},{"taxonomy":"post_tag","embeddable":true,"href":"https:\/\/www.europesays.com\/fr\/wp-json\/wp\/v2\/tags?post=25025"}],"curies":[{"name":"wp","href":"https:\/\/api.w.org\/{rel}","templated":true}]}}