{"id":250253,"date":"2025-07-14T22:11:14","date_gmt":"2025-07-14T22:11:14","guid":{"rendered":"https:\/\/www.europesays.com\/fr\/250253\/"},"modified":"2025-07-14T22:11:14","modified_gmt":"2025-07-14T22:11:14","slug":"le-calendrier-des-feminines-du-racing-devoile-alsasports","status":"publish","type":"post","link":"https:\/\/www.europesays.com\/fr\/250253\/","title":{"rendered":"Le calendrier des f\u00e9minines du Racing d\u00e9voil\u00e9 ! \u2014 Alsa&rsquo;Sports"},"content":{"rendered":"<p><strong>L\u2019Arkema Premi\u00e8re Ligue a d\u00e9voil\u00e9 hier son calendrier pour la saison \u00e0 venir. <\/strong><\/p>\n<p>La deuxi\u00e8me saison de l\u2019histoire du Racing Club de Strasbourg dans l\u2019\u00e9lite f\u00e9minine prend forme. Le calendrier a \u00e9t\u00e9 d\u00e9voil\u00e9 hier par l\u2019Arkema Premi\u00e8re Ligue, qui d\u00e9butera le premier week-end de septembre. Les strasbourgeoises iront au Havre lors de la premi\u00e8re journ\u00e9e, et se d\u00e9placeront \u00e0 Paris pour l\u2019ultime rendez-vous. <\/p>\n<blockquote class=\"twitter-tweet\" data-width=\"500\" data-dnt=\"true\">\n<p lang=\"fr\" dir=\"ltr\">\ud835\udc15\ud835\udc28\ud835\udc2e\ud835\udc2c \ud835\udc25\u2019\ud835\udc1a\ud835\udc2d\ud835\udc2d\ud835\udc1e\ud835\udc27\ud835\udc1d\ud835\udc22\ud835\udc1e\ud835\udc33, \ud835\udc25\ud835\udc1e \ud835\udc2f\ud835\udc28\ud835\udc22\ud835\udc25\ud835\udc1a\u0300 ! \ud83d\udcc6 <\/p>\n<p>\ud835\udc0b\ud835\udc1e \ud835\udc1c\ud835\udc1a\ud835\udc25\ud835\udc1e\ud835\udc27\ud835\udc1d\ud835\udc2b\ud835\udc22\ud835\udc1e\ud835\udc2b version \ud835\udfd0\ud835\udfce\ud835\udfd0\ud835\udfd3-\ud835\udfd0\ud835\udfd4 \ud83d\ude0c<a href=\"https:\/\/twitter.com\/hashtag\/ArkemaPL?src=hash&amp;ref_src=twsrc%5Etfw\" rel=\"nofollow noopener\" target=\"_blank\">#ArkemaPL<\/a> <a href=\"https:\/\/t.co\/9GteJJCpC2\" rel=\"nofollow\">pic.twitter.com\/9GteJJCpC2<\/a><\/p>\n<p>\u2014 Arkema Premi\u00e8re Ligue (@ArkemaPL) <a href=\"https:\/\/twitter.com\/ArkemaPL\/status\/1943656553883603134?ref_src=twsrc%5Etfw\" rel=\"nofollow noopener\" target=\"_blank\">July 11, 2025<\/a><\/p><\/blockquote>\n<p>                    <script async src=\"https:\/\/platform.twitter.com\/widgets.js\" charset=\"utf-8\"><\/script><\/p>\n","protected":false},"excerpt":{"rendered":"L\u2019Arkema Premi\u00e8re Ligue a d\u00e9voil\u00e9 hier son calendrier pour la saison \u00e0 venir. La deuxi\u00e8me saison de l\u2019histoire&hellip;\n","protected":false},"author":2,"featured_media":250254,"comment_status":"","ping_status":"","sticky":false,"template":"","format":"standard","meta":{"footnotes":""},"categories":[2820],"tags":[1111,11,1777,674,12300,63,1011,27,775,12,25,640],"class_list":{"0":"post-250253","1":"post","2":"type-post","3":"status-publish","4":"format-standard","5":"has-post-thumbnail","7":"category-strasbourg","8":"tag-actu","9":"tag-actualites","10":"tag-eu","11":"tag-europe","12":"tag-feminines","13":"tag-football","14":"tag-fr","15":"tag-france","16":"tag-grand-est","17":"tag-news","18":"tag-republique-francaise","19":"tag-strasbourg"},"share_on_mastodon":{"url":"https:\/\/pubeurope.com\/@fr\/114853883607201899","error":""},"_links":{"self":[{"href":"https:\/\/www.europesays.com\/fr\/wp-json\/wp\/v2\/posts\/250253","targetHints":{"allow":["GET"]}}],"collection":[{"href":"https:\/\/www.europesays.com\/fr\/wp-json\/wp\/v2\/posts"}],"about":[{"href":"https:\/\/www.europesays.com\/fr\/wp-json\/wp\/v2\/types\/post"}],"author":[{"embeddable":true,"href":"https:\/\/www.europesays.com\/fr\/wp-json\/wp\/v2\/users\/2"}],"replies":[{"embeddable":true,"href":"https:\/\/www.europesays.com\/fr\/wp-json\/wp\/v2\/comments?post=250253"}],"version-history":[{"count":0,"href":"https:\/\/www.europesays.com\/fr\/wp-json\/wp\/v2\/posts\/250253\/revisions"}],"wp:featuredmedia":[{"embeddable":true,"href":"https:\/\/www.europesays.com\/fr\/wp-json\/wp\/v2\/media\/250254"}],"wp:attachment":[{"href":"https:\/\/www.europesays.com\/fr\/wp-json\/wp\/v2\/media?parent=250253"}],"wp:term":[{"taxonomy":"category","embeddable":true,"href":"https:\/\/www.europesays.com\/fr\/wp-json\/wp\/v2\/categories?post=250253"},{"taxonomy":"post_tag","embeddable":true,"href":"https:\/\/www.europesays.com\/fr\/wp-json\/wp\/v2\/tags?post=250253"}],"curies":[{"name":"wp","href":"https:\/\/api.w.org\/{rel}","templated":true}]}}