{"id":250255,"date":"2025-07-14T22:12:14","date_gmt":"2025-07-14T22:12:14","guid":{"rendered":"https:\/\/www.europesays.com\/fr\/250255\/"},"modified":"2025-07-14T22:12:14","modified_gmt":"2025-07-14T22:12:14","slug":"ou-en-est-lextension-de-la-promenade-du-paillon-a-nice","status":"publish","type":"post","link":"https:\/\/www.europesays.com\/fr\/250255\/","title":{"rendered":"O\u00f9 en est l\u2019extension de la promenade du Paillon \u00e0 Nice?"},"content":{"rendered":"<p>Derri\u00e8re les palissades, les travaux de la promenade du Paillon \u00ab\u00a0saison 2\u00a0\u00bb progressent dans la plus grande discr\u00e9tion. Le projet est pourtant immense : 8 hectares de plus, soit 20 hectares de jardin en plein centre-ville avec la premi\u00e8re \u00ab\u00a0Coul\u00e9e verte\u00a0\u00bb.<\/p>\n<p>La promenade s\u2019\u00e9tend du complexe sportif Jean-Bouin \u00e0 l\u2019esplanade de la Bourgada. Pr\u00e9vue pour la fin 2025, la promenade du Paillon ouvrira totalement \u00e0 l\u2019automne.<\/p>\n<p>Une promesse de campagne honor\u00e9e par le maire, Christian Estrosi, \u00e0 l\u2019aube des \u00e9lections municipales. Le jardin Sosno, du Mamac \u00e0 la T\u00eate Carr\u00e9e, est attendu avec impatience.<\/p>\n<p>Le belv\u00e9d\u00e8re de la Bourgada, boulevard Jean-Jaur\u00e8s, est accessible depuis juin 2024 et l\u2019esplanade De-Lattre-de-Tassigny, face au Palais des expositions, depuis octobre dernier.<\/p>\n<p>Aujourd\u2019hui ras\u00e9s, le palais des congr\u00e8s Acropolis et le b\u00e2timent qui abritait le Th\u00e9\u00e2tre national de Nice vont donc laisser place \u00e0 ce \u00ab\u00a0rev\u00eatement v\u00e9g\u00e9talis\u00e9\u00a0\u00bb, en cours de r\u00e9alisation depuis 2023.<\/p>\n<p>Apr\u00e8s des travaux de voirie, une d\u00e9viation des r\u00e9seaux souterrains et une pose de bordures, la phase 4, \u00ab\u00a0Plantation et int\u00e9gration des fosses d\u2019arbres\u00a0\u00bb a d\u00e9but\u00e9.<\/p>\n<p>Le maire (Horizons), candidat \u00e0 sa succession l\u2019assure: \u00ab\u00a0Une partie des arbustes est d\u00e9j\u00e0 plant\u00e9e. Il y en aura 2.500, soigneusement s\u00e9lectionn\u00e9s pour renforcer la biodiversit\u00e9 et s\u2019adapter aux changements climatiques.\u00a0\u00bb<\/p>\n<p>Du vert, mais aussi du bleu: \u00ab\u00a0Le syst\u00e8me de r\u00e9cup\u00e9ration des eaux de pluies (subventionn\u00e9 par l\u2019Agence de l\u2019Eau) a \u00e9t\u00e9 enti\u00e8rement r\u00e9alis\u00e9, avec la mise en place d\u2019un dispositif qui permettra de b\u00e9n\u00e9ficier d\u2019une ressource en eau \u00e9quivalente \u00e0 pr\u00e8s de deux bassins olympiques en capacit\u00e9 de stockage, assurant une quasi-autonomie \u00e0 terme en eau pour ce parc\u00a0\u00bb, salue le pr\u00e9sident de la M\u00e9tropole.<\/p>\n<p>De quoi irriguer les plantes, promet la Ville. Les Ni\u00e7ois profiteront d\u2019\u00e9tendues aquatiques, naturelles, peupl\u00e9es de poissons et filtr\u00e9es par des galets. Au c\u0153ur de la promenade, trois b\u00e2timents: le Mamac, la biblioth\u00e8que Nuc\u00e9ra et le parking des Arts.<\/p>\n<p>Des passerelles pi\u00e9tonnes faciliteront le trajet vers ces zones, int\u00e9grant les boulevards autour du parc. Prochaine \u00e9tape? Le rev\u00eatement et le pavage. Encore faut-il que les travaux se d\u00e9roulent sans encombres: seul l\u2019automne nous le dira.<\/p>\n<p>Projet pol\u00e9mique<\/p>\n<p>Tant\u00f4t lou\u00e9e, tant\u00f4t critiqu\u00e9e, l\u2019extension de \u00ab\u00a0la coul\u00e9e verte\u00a0\u00bb ne laisse personne indiff\u00e9rent. Depuis l\u2019annonce en 2020 de la d\u00e9molition des deux b\u00e2timents pour \u00e9tendre le parc de verdure, \u00c9ric Ciotti, d\u00e9put\u00e9 ni\u00e7ois et opposant du maire &#8211; candidat probable aux \u00e9lections municipales &#8211; n\u2019a cess\u00e9 de critiquer cette \u00ab\u00a0folie \u00e9conomique et budg\u00e9taire\u00a0\u00bb.<\/p>\n<p>L\u2019opposition d\u2019extr\u00eame droite et Les \u00c9cologistes d\u00e9noncent, quant \u00e0 eux, une \u00ab\u00a0erreur culturelle grave\u00a0\u00bb, quand l\u2019association de d\u00e9fense de la promenade des Arts Yves-Bayard parle \u00ab\u00a0d\u2019atteinte \u00e0 la morale et \u00e0 la propri\u00e9t\u00e9 intellectuelle\u00a0\u00bb.<\/p>\n<p>Une p\u00e9tition pour la d\u00e9fense de ces lieux avait r\u00e9colt\u00e9 plus de 800 signatures. En vain, le maire avait actionn\u00e9 les pelleteuses pour mettre \u00e0 terre le TNN et le palais des congr\u00e8s.<\/p>\n<p>            Le parking Promenade des Arts rouvre, fini le \u00ab clic &amp; collect \u00bb \u00e0 la bibliothq\u00e8e Louis-Nuc\u00e9ra \u00e0 Nice<\/p>\n<p>pr\u00e8s une remise \u00e0 niveau li\u00e9e \u00e0 l\u2019extension de la coul\u00e9e verte, le parking Promenade des Arts rouvre en totalit\u00e9.<\/p>\n<p>Un ascenseur et des rampes d\u2019acc\u00e8s repositionn\u00e9es facilitent d\u00e9sormais l\u2019acc\u00e8s au parking.<\/p>\n<p>\u00c0 l\u2019int\u00e9rieur ? Plus de 300 places, dont 65 d\u00e9di\u00e9es aux deux-roues motoris\u00e9s et 30 aux v\u00e9los. Des bornes de recharge pour voitures \u00e9lectriques doivent \u00eatre livr\u00e9es en 2026.<\/p>\n<p>Christian Estrosi veut ainsi \u00ab\u00a0r\u00e9duire le stationnement sauvage sur les trottoirs, sans augmenter la tarification ni supprimer l\u2019heure gratuite de stationnement.\u00a0\u00bb<\/p>\n<p>\u00c0 quelques pas, la restructuration de la biblioth\u00e8que Louis-Nuc\u00e9ra suit son cours. Au milieu des travaux de la promenade du Paillon, sous le Mamac, son site est ferm\u00e9 au public depuis mai 2024.<\/p>\n<p>Fermeture totale de la biblioth\u00e8que Louis-Nuc\u00e9ra le 1er septembre<\/p>\n<p>Son guichet \u00ab click &amp; collect \u00bb fonctionne, mais plus pour longtemps: la biblioth\u00e8que ferme totalement pour organiser sa r\u00e9ouverture le 19 d\u00e9cembre.<\/p>\n<p>D\u00e8s le 23 ao\u00fbt, ses ressources ne seront plus r\u00e9servables. Dernier carat pour les inscriptions, retours d\u2019emprunts et retraits de r\u00e9servations : samedi 30 ao\u00fbt.<\/p>\n<p>Le 1er septembre, l\u2019ensemble des biblioth\u00e8ques reprendront leurs horaires habituels, sauf Louis-Nuc\u00e9ra, donc.<\/p>\n","protected":false},"excerpt":{"rendered":"Derri\u00e8re les palissades, les travaux de la promenade du Paillon \u00ab\u00a0saison 2\u00a0\u00bb progressent dans la plus grande discr\u00e9tion.&hellip;\n","protected":false},"author":2,"featured_media":250256,"comment_status":"","ping_status":"","sticky":false,"template":"","format":"standard","meta":{"footnotes":""},"categories":[2819],"tags":[1111,11,1777,674,1011,27,12,2401,882,25,1352],"class_list":{"0":"post-250255","1":"post","2":"type-post","3":"status-publish","4":"format-standard","5":"has-post-thumbnail","7":"category-nice","8":"tag-actu","9":"tag-actualites","10":"tag-eu","11":"tag-europe","12":"tag-fr","13":"tag-france","14":"tag-news","15":"tag-nice","16":"tag-provence-alpes-cote-dazur","17":"tag-republique-francaise","18":"tag-urbanisme"},"share_on_mastodon":{"url":"https:\/\/pubeurope.com\/@fr\/114853887585053167","error":""},"_links":{"self":[{"href":"https:\/\/www.europesays.com\/fr\/wp-json\/wp\/v2\/posts\/250255","targetHints":{"allow":["GET"]}}],"collection":[{"href":"https:\/\/www.europesays.com\/fr\/wp-json\/wp\/v2\/posts"}],"about":[{"href":"https:\/\/www.europesays.com\/fr\/wp-json\/wp\/v2\/types\/post"}],"author":[{"embeddable":true,"href":"https:\/\/www.europesays.com\/fr\/wp-json\/wp\/v2\/users\/2"}],"replies":[{"embeddable":true,"href":"https:\/\/www.europesays.com\/fr\/wp-json\/wp\/v2\/comments?post=250255"}],"version-history":[{"count":0,"href":"https:\/\/www.europesays.com\/fr\/wp-json\/wp\/v2\/posts\/250255\/revisions"}],"wp:featuredmedia":[{"embeddable":true,"href":"https:\/\/www.europesays.com\/fr\/wp-json\/wp\/v2\/media\/250256"}],"wp:attachment":[{"href":"https:\/\/www.europesays.com\/fr\/wp-json\/wp\/v2\/media?parent=250255"}],"wp:term":[{"taxonomy":"category","embeddable":true,"href":"https:\/\/www.europesays.com\/fr\/wp-json\/wp\/v2\/categories?post=250255"},{"taxonomy":"post_tag","embeddable":true,"href":"https:\/\/www.europesays.com\/fr\/wp-json\/wp\/v2\/tags?post=250255"}],"curies":[{"name":"wp","href":"https:\/\/api.w.org\/{rel}","templated":true}]}}