{"id":250274,"date":"2025-07-14T22:29:49","date_gmt":"2025-07-14T22:29:49","guid":{"rendered":"https:\/\/www.europesays.com\/fr\/250274\/"},"modified":"2025-07-14T22:29:49","modified_gmt":"2025-07-14T22:29:49","slug":"evasion-de-la-prison-de-lyon-corbas-le-fugitif-interpelle-journal-de-20-heures","status":"publish","type":"post","link":"https:\/\/www.europesays.com\/fr\/250274\/","title":{"rendered":"\u00c9vasion de la prison de Lyon-Corbas : le fugitif interpell\u00e9 &#8211; Journal de 20 heures"},"content":{"rendered":"<p id=\"descriptionPanel\" aria-labelledby=\"descriptionArrow\" aria-expanded=\"false\" class=\"text-secondary mr-2 line-clamp-2 pr-2.5 overflow-visible\">Vendredi 11 juillet matin, Elyazid A. s&rsquo;est \u00e9vad\u00e9 de la prison de Lyon-Corbas en se cachant dans le sac de son cod\u00e9tenu, lib\u00e9r\u00e9 apr\u00e8s avoir purg\u00e9 sa peine. Le fugitif, \u00e2g\u00e9 de 20 ans, est poursuivi pour meurtre en bande organis\u00e9e et plusieurs infractions li\u00e9es au port d&rsquo;armes. L&rsquo;homme a \u00e9t\u00e9 interpell\u00e9 \u00e0 Sathonay-Camp, ce lundi 14 juillet matin. Les enqu\u00eateurs l&rsquo;ont rep\u00e9r\u00e9 gr\u00e2ce \u00e0 la vid\u00e9o-surveillance et aux \u00e9coutes t\u00e9l\u00e9phoniques. L&rsquo;administration p\u00e9nitentiaire a ouvert une enqu\u00eate interne.  <\/p>\n<p>TF1 | Reportage M. BAJAC, G. BRENIER, N. HADJ BOUZIANE<\/p>\n<p><a class=\"shrink-0\" href=\"https:\/\/www.tf1.fr\/tf1\/jt-20h\" target=\"_blank\" rel=\"noopener\"><img decoding=\"async\" src=\"https:\/\/www.europesays.com\/fr\/wp-content\/uploads\/2025\/07\/flux-program-card-portrait-1-jt20h-btcb-f6f521-de0119-4109ab-0@1x.jpg\" width=\"138\" height=\"184\" alt=\"\" loading=\"eager\" fetchpriority=\"auto\" class=\"rounded-3px aspect-[3\/4] h-24 w-auto\" aria-hidden=\"true\"\/><\/a><\/p>\n","protected":false},"excerpt":{"rendered":"Vendredi 11 juillet matin, Elyazid A. s&rsquo;est \u00e9vad\u00e9 de la prison de Lyon-Corbas en se cachant dans le&hellip;\n","protected":false},"author":2,"featured_media":250275,"comment_status":"","ping_status":"","sticky":false,"template":"","format":"standard","meta":{"footnotes":""},"categories":[1889],"tags":[1111,11,2430,1777,674,3483,3697,1011,27,3699,3698,2428,12,25,3701,3702,3700],"class_list":{"0":"post-250274","1":"post","2":"type-post","3":"status-publish","4":"format-standard","5":"has-post-thumbnail","7":"category-lyon","8":"tag-actu","9":"tag-actualites","10":"tag-auvergne-rhone-alpes","11":"tag-eu","12":"tag-europe","13":"tag-extrait","14":"tag-extrait-journal-de-20-heures","15":"tag-fr","16":"tag-france","17":"tag-journal-de-20-heures","18":"tag-journal-de-20-heures-extrait","19":"tag-lyon","20":"tag-news","21":"tag-republique-francaise","22":"tag-streaming-journal-de-20-heures","23":"tag-video-en-streaming-journal-de-20-heures","24":"tag-video-journal-de-20-heures"},"share_on_mastodon":{"url":"https:\/\/pubeurope.com\/@fr\/114853958372757838","error":""},"_links":{"self":[{"href":"https:\/\/www.europesays.com\/fr\/wp-json\/wp\/v2\/posts\/250274","targetHints":{"allow":["GET"]}}],"collection":[{"href":"https:\/\/www.europesays.com\/fr\/wp-json\/wp\/v2\/posts"}],"about":[{"href":"https:\/\/www.europesays.com\/fr\/wp-json\/wp\/v2\/types\/post"}],"author":[{"embeddable":true,"href":"https:\/\/www.europesays.com\/fr\/wp-json\/wp\/v2\/users\/2"}],"replies":[{"embeddable":true,"href":"https:\/\/www.europesays.com\/fr\/wp-json\/wp\/v2\/comments?post=250274"}],"version-history":[{"count":0,"href":"https:\/\/www.europesays.com\/fr\/wp-json\/wp\/v2\/posts\/250274\/revisions"}],"wp:featuredmedia":[{"embeddable":true,"href":"https:\/\/www.europesays.com\/fr\/wp-json\/wp\/v2\/media\/250275"}],"wp:attachment":[{"href":"https:\/\/www.europesays.com\/fr\/wp-json\/wp\/v2\/media?parent=250274"}],"wp:term":[{"taxonomy":"category","embeddable":true,"href":"https:\/\/www.europesays.com\/fr\/wp-json\/wp\/v2\/categories?post=250274"},{"taxonomy":"post_tag","embeddable":true,"href":"https:\/\/www.europesays.com\/fr\/wp-json\/wp\/v2\/tags?post=250274"}],"curies":[{"name":"wp","href":"https:\/\/api.w.org\/{rel}","templated":true}]}}