{"id":250287,"date":"2025-07-14T22:37:10","date_gmt":"2025-07-14T22:37:10","guid":{"rendered":"https:\/\/www.europesays.com\/fr\/250287\/"},"modified":"2025-07-14T22:37:10","modified_gmt":"2025-07-14T22:37:10","slug":"la-russie-affirme-avoir-pris-un-village-et-zelensky-denonce-une-intensification-de-la-terreur","status":"publish","type":"post","link":"https:\/\/www.europesays.com\/fr\/250287\/","title":{"rendered":"La Russie affirme avoir pris un village et Zelensky d\u00e9nonce une \u00ab\u00a0intensification de la terreur\u00a0\u00bb"},"content":{"rendered":"<p>Vous avez rat\u00e9 les derniers \u00e9v\u00e9nements sur la guerre en Ukraine\u00a0? 20 Minutes fait le point pour vous tous les soirs. Voici l\u2019essentiel de ce dimanche 13\u00a0juillet, 1.236e jour du conflit.<\/p>\n<p>Le fait du jour<\/p>\n<p>La <a href=\"https:\/\/www.20minutes.fr\/monde\/russie\/\" target=\"_blank\" class=\"color-ultramarine c-link\" rel=\"noopener\">Russie <\/a>a affirm\u00e9 dimanche qu\u2019elle avait captur\u00e9 un autre village dans l\u2019ouest de la r\u00e9gion ukrainienne de <a href=\"https:\/\/www.20minutes.fr\/dossier\/donetsk\" target=\"_blank\" class=\"color-ultramarine c-link\" rel=\"noopener\">Donetsk<\/a>, ses troupes progressant lentement vers la r\u00e9gion voisine de Dnipropetrovsk. Il s\u2019agit de la commune de Mirne, que le minist\u00e8re de la D\u00e9fense de Moscou a d\u00e9sign\u00e9 sous son nom sovi\u00e9tique de \u00ab\u00a0Karl Marx\u00a0\u00bb.<\/p>\n<p>Le minist\u00e8re a affirm\u00e9 que l\u2019arm\u00e9e avait p\u00e9n\u00e9tr\u00e9 \u00ab\u00a0profond\u00e9ment dans la d\u00e9fense de l\u2019ennemi\u00a0\u00bb pour prendre le village. Si l\u2019offensive de Moscou sur l\u2019<a href=\"https:\/\/www.20minutes.fr\/monde\/ukraine\/\" target=\"_blank\" class=\"color-ultramarine c-link\" rel=\"noopener\">Ukraine<\/a> dure depuis plus de trois ans, les attaques se sont intensifi\u00e9es cet \u00e9t\u00e9. Les n\u00e9gociations men\u00e9es par les Am\u00e9ricains ont jusqu\u2019\u00e0 pr\u00e9sent \u00e9chou\u00e9 \u00e0 mettre fin aux combats, la Russie refusant depuis plusieurs mois le cessez-le-feu propos\u00e9 par les <a href=\"https:\/\/www.20minutes.fr\/monde\/etats-unis\/\" target=\"_blank\" class=\"color-ultramarine c-link\" rel=\"noopener\">\u00c9tats-Unis<\/a> et Kiev en Ukraine.<\/p>\n<\/p>\n<p>Le chiffre du jour<\/p>\n<p>Plus de 1.800. Le nombre de drones lanc\u00e9s par la Russie sur l\u2019Ukraine en une semaine, d\u2019apr\u00e8s une d\u00e9claration du pr\u00e9sident ukrainien Volodymyr Zelensky <a href=\"https:\/\/x.com\/ZelenskyyUa\/status\/1944314395208614129\" target=\"_blank\" class=\"color-ultramarine c-link\">sur les r\u00e9seaux sociaux<\/a>. Evoquant \u00ab\u00a0sept jours d\u2019attaques de grande envergure\u00a0\u00bb, il fait \u00e9galement \u00e9tat de 1.200 bombes guid\u00e9es et 83 missiles lanc\u00e9s sur la m\u00eame p\u00e9riode, d\u00e9non\u00e7ant une \u00ab\u00a0[intensification] de la terreur contre des villes et des communaut\u00e9s afin d\u2019intimider le peuple\u00a0\u00bb.<\/p>\n<p>Il s\u2019est tout de m\u00eame f\u00e9licit\u00e9 des \u00ab\u00a0bons r\u00e9sultats\u00a0\u00bb des \u00ab\u00a0forces de d\u00e9fense a\u00e9rienne\u00a0\u00bb, indiquant que les \u00ab\u00a0drones d\u2019interception fonctionnaient particuli\u00e8rement bien, avec des centaines de drones Russo-Iraniens Shahed abattus\u00a0\u00bb cette semaine.<\/p>\n<p>La d\u00e9claration du jour<\/p>\n<blockquote class=\"mx-m@xs mx-xxl@md color-ultramarine c-citation\">\n<p class=\"font-weight-regular@xs text-italic font-source-serif-pro text-l@xs c-citation__content\">\u00ab\u00a0L\u2019arm\u00e9e et le peuple russes remporteront une victoire certaine en accomplissant la cause sacr\u00e9e de d\u00e9fendre la dignit\u00e9 et les int\u00e9r\u00eats fondamentaux du pays\u00a0\u00bb<\/p>\n<\/blockquote>\n<p>D\u2019apr\u00e8s les m\u00e9dias officiels nord-cor\u00e9ens, <a href=\"https:\/\/www.20minutes.fr\/monde\/kim_jong_un\/\" target=\"_blank\" class=\"color-ultramarine c-link\" rel=\"noopener\">Kim Jong Un<\/a> a assur\u00e9 le chef de la diplomatie russe <a href=\"https:\/\/www.20minutes.fr\/monde\/serguei-lavrov\/\" target=\"_blank\" class=\"color-ultramarine c-link\" rel=\"noopener\">Sergue\u00ef Lavrov<\/a> de son soutien \u00ab\u00a0inconditionnel\u00a0\u00bb dans la guerre contre l\u2019Ukraine, jugeant \u00ab\u00a0certaine\u00a0\u00bb la victoire de Moscou, lors d\u2019une rencontre entre les deux hommes samedi. Celle-ci se serait tenue, d\u2019apr\u00e8s l\u2019agence d\u2019Etat KCNA, \u00ab\u00a0dans une atmosph\u00e8re de confiance et de chaleureuse camaraderie\u00a0\u00bb, au moment o\u00f9 la <a href=\"https:\/\/www.20minutes.fr\/monde\/coree_du_nord\/\" target=\"_blank\" class=\"color-ultramarine c-link\" rel=\"noopener\">Cor\u00e9e du Nord<\/a> et la Russie resserrent leurs liens diplomatiques et militaires.<\/p>\n<p>C\u2019est dans ce contexte que Kim Jong Un aurait d\u00e9clar\u00e9 \u00e0 son invit\u00e9 que la Cor\u00e9e du Nord \u00e9tait \u00ab\u00a0pr\u00eate \u00e0 soutenir et \u00e0 encourager de fa\u00e7on inconditionnelle toutes les mesures prises par les dirigeants russes pour \u00e9liminer \u00e0 la racine la cause de la crise ukrainienne\u00a0\u00bb, selon la m\u00eame source. Celle-ci affirme \u00e9galement que le dirigeant nord-cor\u00e9en a exprim\u00e9 sa \u00ab\u00a0ferme conviction que l\u2019arm\u00e9e et le peuple russes remporteront une victoire certaine en accomplissant la cause sacr\u00e9e de d\u00e9fendre la dignit\u00e9 et les int\u00e9r\u00eats fondamentaux du pays\u00a0\u00bb.<\/p>\n<p>Moscou et Pyongyang ont sign\u00e9 l\u2019an dernier un pacte de d\u00e9fense mutuelle et la Cor\u00e9e du Nord a envoy\u00e9 des milliers de soldats pour aider \u00e0 la reconqu\u00eate de la r\u00e9gion russe de Koursk, prise par l\u2019arm\u00e9e ukrainienne durant l\u2019\u00e9t\u00e9\u00a02024. La Cor\u00e9e du Nord fournit par ailleurs la Russie en obus et en missiles.<\/p>\n","protected":false},"excerpt":{"rendered":"Vous avez rat\u00e9 les derniers \u00e9v\u00e9nements sur la guerre en Ukraine\u00a0? 20 Minutes fait le point pour vous&hellip;\n","protected":false},"author":2,"featured_media":250288,"comment_status":"","ping_status":"","sticky":false,"template":"","format":"standard","meta":{"footnotes":""},"categories":[1590],"tags":[47,11,13987,75,29539,73,1777,674,131,15404,3343,74,12,132,1135,220,135,134],"class_list":{"0":"post-250287","1":"post","2":"type-post","3":"status-publish","4":"format-standard","5":"has-post-thumbnail","7":"category-ukraine","8":"tag-actualite","9":"tag-actualites","10":"tag-coree-du-nord","11":"tag-donald-trump","12":"tag-donetsk","13":"tag-etats-unis","14":"tag-eu","15":"tag-europe","16":"tag-guerre-en-ukraine","17":"tag-kim-jong-un","18":"tag-missile","19":"tag-monde","20":"tag-news","21":"tag-russie","22":"tag-serguei-lavrov","23":"tag-ukraine","24":"tag-vladimir-poutine","25":"tag-volodymyr-zelensky"},"share_on_mastodon":{"url":"https:\/\/pubeurope.com\/@fr\/114853985883268820","error":""},"_links":{"self":[{"href":"https:\/\/www.europesays.com\/fr\/wp-json\/wp\/v2\/posts\/250287","targetHints":{"allow":["GET"]}}],"collection":[{"href":"https:\/\/www.europesays.com\/fr\/wp-json\/wp\/v2\/posts"}],"about":[{"href":"https:\/\/www.europesays.com\/fr\/wp-json\/wp\/v2\/types\/post"}],"author":[{"embeddable":true,"href":"https:\/\/www.europesays.com\/fr\/wp-json\/wp\/v2\/users\/2"}],"replies":[{"embeddable":true,"href":"https:\/\/www.europesays.com\/fr\/wp-json\/wp\/v2\/comments?post=250287"}],"version-history":[{"count":0,"href":"https:\/\/www.europesays.com\/fr\/wp-json\/wp\/v2\/posts\/250287\/revisions"}],"wp:featuredmedia":[{"embeddable":true,"href":"https:\/\/www.europesays.com\/fr\/wp-json\/wp\/v2\/media\/250288"}],"wp:attachment":[{"href":"https:\/\/www.europesays.com\/fr\/wp-json\/wp\/v2\/media?parent=250287"}],"wp:term":[{"taxonomy":"category","embeddable":true,"href":"https:\/\/www.europesays.com\/fr\/wp-json\/wp\/v2\/categories?post=250287"},{"taxonomy":"post_tag","embeddable":true,"href":"https:\/\/www.europesays.com\/fr\/wp-json\/wp\/v2\/tags?post=250287"}],"curies":[{"name":"wp","href":"https:\/\/api.w.org\/{rel}","templated":true}]}}