{"id":250289,"date":"2025-07-14T22:38:15","date_gmt":"2025-07-14T22:38:15","guid":{"rendered":"https:\/\/www.europesays.com\/fr\/250289\/"},"modified":"2025-07-14T22:38:15","modified_gmt":"2025-07-14T22:38:15","slug":"trump-promet-des-livraisons-darmes-via-lotan-et-fixe-un-ultimatum-de-50-jours-a-la-russie-pour-un-accord-de-paix","status":"publish","type":"post","link":"https:\/\/www.europesays.com\/fr\/250289\/","title":{"rendered":"Trump promet des livraisons d\u2019armes via l\u2019Otan et fixe un ultimatum de 50 jours \u00e0 la Russie pour un accord de paix"},"content":{"rendered":"<p>\u00c0 l\u2019issue d\u2019un entretien avec le secr\u00e9taire g\u00e9n\u00e9ral de L\u2019Otan Mark Rutte dans le bureau ovale ce lundi, Donald Trump a pr\u00e9cis\u00e9 que ces armes \u00abhaut de gamme\u00bb seront vendues aux pays de l\u2019alliance qui les transmettront ensuite \u00e0 Kiev.<\/p>\n<p class=\"fig-paragraph\"><a href=\"http:\/\/www.lefigaro.fr\/international\/le-cessez-le-feu-a-gaza-en-suspens-malgre-les-rencontres-entre-benyamin-netanyahou-et-donald-trump-20250710\" data-fig-type=\"Article\" data-gtm-custom-categorie=\"navigation\" data-gtm-custom-action=\"crossclick\" data-gtm-custom-label=\"Contextuel\" data-gtm-event=\"customEventSPE\" data-fig-domain=\"LEFIGARO\" rel=\"nofollow noopener\" target=\"_blank\">Donald Trump<\/a>, dont la patience vis-\u00e0-vis de son homologue russe Vladimir Poutine semble \u00eatre \u00e0 bout, a donn\u00e9 \u00e0 la Russie 50 jours pour mettre fin \u00e0 la guerre en Ukraine sous peine de sanctions s\u00e9v\u00e8res, et annonc\u00e9 un r\u00e9armement massif de Kiev \u00e0 travers l\u2019Otan.<\/p>\n<p class=\"fig-paragraph\">\u00abJe suis d\u00e9\u00e7u du pr\u00e9sident Poutine, car je pensais que nous aurions un accord il y a deux mois, mais \u00e7a ne semble pas se concr\u00e9tiser\u00bb, a d\u00e9clar\u00e9 lundi le pr\u00e9sident am\u00e9ricain \u00e0 la Maison Blanche, aux c\u00f4t\u00e9s du secr\u00e9taire g\u00e9n\u00e9ral de l\u2019Otan,\u00a0<a href=\"http:\/\/www.lefigaro.fr\/international\/je-ne-l-ai-pas-appele-papa-mark-rutte-le-secretaire-general-de-l-otan-clarifie-ses-propos-envers-trump-20250626\" data-fig-type=\"NewsFlash\" data-gtm-custom-categorie=\"navigation\" data-gtm-custom-action=\"crossclick\" data-gtm-custom-label=\"Contextuel\" data-gtm-event=\"customEventSPE\" data-fig-domain=\"LEFIGARO\" rel=\"nofollow noopener\" target=\"_blank\">Mark Rutte<\/a>, ajoutant que \u00abpar cons\u00e9quent, nous allons mettre en place des droits de douane secondaires\u00bb, c\u2019est-\u00e0-dire sur les alli\u00e9s de Moscou. \u00abSi nous n\u2019avons pas un accord d\u2019ici 50 jours, c\u2019est tr\u00e8s simple, (les droits de douane) seront \u00e0 100% et c\u2019est comme \u00e7a\u00bb, a-t-il ajout\u00e9.<\/p>\n<p>                                    <a class=\"fig-a11y-skip a11y-hidden\" href=\"#fig-a11y-skip-main-inarticle\"><br \/>\n        Passer la publicit\u00e9<br \/>\n    <\/a><\/p>\n<p>Menace de droits de douane pour les alli\u00e9s de la Russie<\/p>\n<p class=\"fig-paragraph\">Dans une premi\u00e8re r\u00e9action, la chef de la diplomatie europ\u00e9enne Kaja Kallas a jug\u00e9 \u00e0 Bruxelles que ce d\u00e9lai repr\u00e9sente une dur\u00e9e \u00abtr\u00e8s longue\u00bb. Dans le m\u00eame temps, l\u2019Ukraine va recevoir une \u00e9norme quantit\u00e9 d\u2019armes pour renforcer son effort de guerre contre la Russie. \u00abC\u2019est une tr\u00e8s grosse affaire que nous avons conclue. Des \u00e9quipements militaires d\u2019une valeur de plusieurs milliards de dollars vont \u00eatre achet\u00e9s aux \u00c9tats-Unis, aller \u00e0 l\u2019Otan, etc. et seront rapidement distribu\u00e9s sur le champ de bataille\u00bb, a dit le pr\u00e9sident am\u00e9ricain en soulignant que cela ne co\u00fbtera pas un centime aux \u00c9tats-Unis.<\/p>\n<p class=\"fig-paragraph\">Il a pr\u00e9cis\u00e9 notamment que des syst\u00e8mes de d\u00e9fense antia\u00e9riens Patriot allaient \u00eatre fournis \u00e0 l\u2019Ukraine \u00abdans les prochains jours\u00bb. \u00abCela signifie que l\u2019Ukraine mettra la main sur un tr\u00e8s grand nombre d\u2019\u00e9quipements militaires, \u00e0 la fois pour la d\u00e9fense a\u00e9rienne, mais aussi des missiles, des munitions\u00bb, a rench\u00e9ri le secr\u00e9taire g\u00e9n\u00e9ral de l\u2019Otan.<\/p>\n<p class=\"fig-paragraph\">Le chancelier allemand Friedrich Merz a salu\u00e9 cette d\u00e9cision, affirmant que l\u2019Allemagne jouerait un \u00abr\u00f4le d\u00e9cisif\u00bb dans le nouvel accord conclu entre l\u2019Otan et les \u00c9tats-Unis. \u00abLe pr\u00e9sident Trump a fait un pas important aujourd\u2019hui\u00bb, a-t-il d\u00e9clar\u00e9 dans un communiqu\u00e9. \u00abNous en avons discut\u00e9 \u00e0 plusieurs reprises ces derniers jours. Je lui ai assur\u00e9 que l\u2019Allemagne jouera un r\u00f4le d\u00e9terminant.\u00bb<\/p>\n<p>\u00abOh, vraiment\u00a0?\u00bb<\/p>\n<p class=\"fig-paragraph\">Le pr\u00e9sident am\u00e9ricain avait multipli\u00e9 ces derniers temps les signaux contradictoires sur l\u2019Ukraine, le Pentagone d\u00e9cidant m\u00eame d\u2019une pause dans la livraison d\u2019armes \u00e0 Kiev. Mais lundi, Donald Trump a clairement manifest\u00e9 son impatience, r\u00e9p\u00e9tant qu\u2019il \u00e9tait \u00abm\u00e9content\u00bb de Poutine. \u00abNous pensions avoir un accord \u00e0 quatre reprises environ\u00bb, mais, \u00e0 chaque fois, le pr\u00e9sident russe a continu\u00e9 \u00e0 bombarder l\u2019Ukraine, a-t-il dit en racontant un \u00e9change avec la premi\u00e8re dame\u00a0<a href=\"http:\/\/www.lefigaro.fr\/culture\/une-statue-en-bronze-de-melania-trump-disparait-en-slovenie-20250515\" data-fig-type=\"NewsFlash\" data-gtm-custom-categorie=\"navigation\" data-gtm-custom-action=\"crossclick\" data-gtm-custom-label=\"Contextuel\" data-gtm-event=\"customEventSPE\" data-fig-domain=\"LEFIGARO\" rel=\"nofollow noopener\" target=\"_blank\">Melania Trump<\/a>. \u00abJe rentre chez moi et je dis \u00e0 la premi\u00e8re dame: \u2019\u2019J\u2019ai parl\u00e9 \u00e0 Vladimir aujourd\u2019hui, nous avons eu une merveilleuse conversation\u2019\u2019. Et elle me r\u00e9pond: \u2019\u2019Oh vraiment\u00a0? Une autre ville vient d\u2019\u00eatre frapp\u00e9e\u2019\u2019\u00bb.<\/p>\n<p class=\"fig-paragraph\">Vladimir Poutine refuse de mettre fin \u00e0 l\u2019invasion de l\u2019Ukraine d\u00e9but\u00e9e en f\u00e9vrier 2022. Apr\u00e8s son retour \u00e0 la Maison Blanche en janvier, Donald Trump a tent\u00e9 de se rapprocher du dirigeant russe, et de n\u00e9gocier avec lui une fin de la guerre. Mais le processus diplomatique est dans l\u2019impasse apr\u00e8s des sessions de pourparlers peu fructueuses entre Moscou et Kiev.<\/p>\n<p>                                    <a class=\"fig-a11y-skip a11y-hidden\" href=\"#fig-a11y-skip-main-inarticle_mtf\"><br \/>\n        Passer la publicit\u00e9<br \/>\n    <\/a><\/p>\n<p>Sur le front ukrainien, l\u2019arm\u00e9e de Moscou reste \u00e0 l\u2019avantage<\/p>\n<p class=\"fig-paragraph\">Dans l\u2019est de l\u2019Ukraine, o\u00f9 les combats font rage, le soldat Adistron, 29 ans, s\u2019est dit \u00abtr\u00e8s heureux\u00bb que son pays re\u00e7oive bient\u00f4t davantage de syst\u00e8mes Patriot, efficaces selon lui pour prot\u00e9ger les civils, mais aussi les troupes. \u00abSans eux, nous sommes d\u00e9munis\u00bb, a-t-il dit \u00e0 l\u2019AFP. \u00abDonc, M. Trump, donnez-nous-en davantage, davantage de Patriot\u00bb. Un autre militaire de 29 ans, qui se fait appeler Grizzly, juge que \u00abmieux vaut tard que jamais\u00bb. \u00abGr\u00e2ce aux Patriot qu\u2019ils nous donnent, nos familles seront plus en s\u00e9curit\u00e9\u00bb, a-t-il estim\u00e9.<\/p>\n<p class=\"fig-paragraph\">Les frappes a\u00e9riennes russes en Ukraine se sont intensifi\u00e9es r\u00e9cemment. Moscou bat chaque semaine des records en nombre d\u2019engins tir\u00e9s, fournis par une industrie de d\u00e9fense qui tourne \u00e0 plein r\u00e9gime. Volodymyr Zelensky a dit lundi avoir \u00e9voqu\u00e9 l\u2019aide \u00e0 la d\u00e9fense de son pays lors d\u2019une \u00abconversation productive\u00bb avec l\u2019envoy\u00e9 sp\u00e9cial am\u00e9ricain Keith Kellogg, en visite \u00e0 Kiev. Le pr\u00e9sident ukrainien s\u2019est dit \u00abreconnaissant\u00bb envers son homologue am\u00e9ricain pour \u00ables importants signes de soutien et les d\u00e9cisions positives pour nos deux pays\u00bb.<\/p>\n<p class=\"fig-paragraph\">Le minist\u00e8re russe de la D\u00e9fense a encore revendiqu\u00e9 lundi la prise de deux petits villages ukrainiens: Ma\u00efak, dans la r\u00e9gion orientale de Donetsk et Malynivka, dans celle de Zaporijjia (sud). Des attaques ont tu\u00e9 lundi au moins trois civils dans les r\u00e9gions de Kharkiv et Soumy, toutes deux frontali\u00e8res de la Russie et situ\u00e9es dans le nord-est de l\u2019Ukraine, selon les autorit\u00e9s locales.<\/p>\n<p><strong>Zelensky se dit \u00abreconnaissant\u00bb<\/strong><\/p>\n<p class=\"fig-paragraph\">Sur X, le pr\u00e9sident ukrainien Volodymyr Zelensky a salu\u00e9 \u00ables importants signes de soutien et les d\u00e9cisions positives\u00bb des \u00c9tats-Unis. Il a confirm\u00e9 s\u2019\u00eatre entretenu avec Donald Trump lundi pour discuter de \u00absolutions\u00bb destin\u00e9es \u00e0 renforcer la d\u00e9fense de son pays. \u00abJe suis reconnaissant envers le pr\u00e9sident Trump\u00bb, a-t-il d\u00e9clar\u00e9 \u00e0 l\u2019issue d\u2019une \u00abconversation productive\u00bb avec l\u2019envoy\u00e9 sp\u00e9cial am\u00e9ricain Keith Kellogg, en visite dans la capitale ukrainienne.<\/p>\n<p class=\"fig-paragraph\">Volodymyr Zelensky a par ailleurs propos\u00e9 lundi de nommer Premi\u00e8re ministre son actuelle ministre de l\u2019\u00c9conomie, Ioulia Svyrydenko, ce qui constituerait un remaniement politique majeur pour ce pays en guerre.<\/p>\n","protected":false},"excerpt":{"rendered":"\u00c0 l\u2019issue d\u2019un entretien avec le secr\u00e9taire g\u00e9n\u00e9ral de L\u2019Otan Mark Rutte dans le bureau ovale ce lundi,&hellip;\n","protected":false},"author":2,"featured_media":250290,"comment_status":"","ping_status":"","sticky":false,"template":"","format":"standard","meta":{"footnotes":""},"categories":[1589],"tags":[11,75,73,1866,131,12,1864,1865,1863,308],"class_list":{"0":"post-250289","1":"post","2":"type-post","3":"status-publish","4":"format-standard","5":"has-post-thumbnail","7":"category-etats-unis","8":"tag-actualites","9":"tag-donald-trump","10":"tag-etats-unis","11":"tag-etats-unis-damerique","12":"tag-guerre-en-ukraine","13":"tag-news","14":"tag-united-states","15":"tag-united-states-of-america","16":"tag-us","17":"tag-usa"},"share_on_mastodon":{"url":"https:\/\/pubeurope.com\/@fr\/114853989831840829","error":""},"_links":{"self":[{"href":"https:\/\/www.europesays.com\/fr\/wp-json\/wp\/v2\/posts\/250289","targetHints":{"allow":["GET"]}}],"collection":[{"href":"https:\/\/www.europesays.com\/fr\/wp-json\/wp\/v2\/posts"}],"about":[{"href":"https:\/\/www.europesays.com\/fr\/wp-json\/wp\/v2\/types\/post"}],"author":[{"embeddable":true,"href":"https:\/\/www.europesays.com\/fr\/wp-json\/wp\/v2\/users\/2"}],"replies":[{"embeddable":true,"href":"https:\/\/www.europesays.com\/fr\/wp-json\/wp\/v2\/comments?post=250289"}],"version-history":[{"count":0,"href":"https:\/\/www.europesays.com\/fr\/wp-json\/wp\/v2\/posts\/250289\/revisions"}],"wp:featuredmedia":[{"embeddable":true,"href":"https:\/\/www.europesays.com\/fr\/wp-json\/wp\/v2\/media\/250290"}],"wp:attachment":[{"href":"https:\/\/www.europesays.com\/fr\/wp-json\/wp\/v2\/media?parent=250289"}],"wp:term":[{"taxonomy":"category","embeddable":true,"href":"https:\/\/www.europesays.com\/fr\/wp-json\/wp\/v2\/categories?post=250289"},{"taxonomy":"post_tag","embeddable":true,"href":"https:\/\/www.europesays.com\/fr\/wp-json\/wp\/v2\/tags?post=250289"}],"curies":[{"name":"wp","href":"https:\/\/api.w.org\/{rel}","templated":true}]}}