{"id":250293,"date":"2025-07-14T22:40:10","date_gmt":"2025-07-14T22:40:10","guid":{"rendered":"https:\/\/www.europesays.com\/fr\/250293\/"},"modified":"2025-07-14T22:40:10","modified_gmt":"2025-07-14T22:40:10","slug":"lallemagne-augmente-ses-depenses-en-matiere-de-defense-et-demande-a-lindustrie-de-larmement-daccroitre-sa-production","status":"publish","type":"post","link":"https:\/\/www.europesays.com\/fr\/250293\/","title":{"rendered":"L&rsquo;Allemagne augmente ses d\u00e9penses en mati\u00e8re de d\u00e9fense et demande \u00e0 l&rsquo;industrie de l&rsquo;armement d&rsquo;accro\u00eetre sa production"},"content":{"rendered":"<p>Principaux renseingnements<\/p>\n<ul class=\"wp-block-list\">\n<li><strong>L\u2019Allemagne augmente ses d\u00e9penses de d\u00e9fense de 70 pour cent, pour atteindre un total de 162 milliards d\u2019euros d\u2019ici \u00e0 2029.<\/strong><\/li>\n<li><strong>Le ministre allemand de la d\u00e9fense, Boris Pistorius, demande \u00e0 l\u2019industrie de l\u2019armement d\u2019augmenter rapidement sa production.<\/strong><\/li>\n<li><strong>L\u2019Allemagne souhaite \u00e9galement continuer \u00e0 fournir des armes \u00e0 l\u2019Ukraine.<\/strong><\/li>\n<\/ul>\n<p>Le ministre allemand de la d\u00e9fense, Boris Pistorius, a lanc\u00e9 un appel \u00e0 l\u2019action \u00e0 l\u2019industrie de l\u2019armement du pays, l\u2019exhortant \u00e0 augmenter sa production en r\u00e9ponse \u00e0 l\u2019investissement significatif du gouvernement dans la d\u00e9fense. Reconnaissant que le secteur de la d\u00e9fense avait pr\u00e9c\u00e9demment exprim\u00e9 des inqui\u00e9tudes concernant le financement, Pistorius a soulign\u00e9 que ces inqui\u00e9tudes \u00e9taient d\u00e9sormais sans objet compte tenu de l\u2019augmentation substantielle de 70 pour cent du budget, qui atteindra 162 milliards d\u2019euros d\u2019ici \u00e0 2029. C\u2019est ce que rapporte Le Financial Times.<\/p>\n<p>Plans d\u2019approvisionnement<\/p>\n<p>Pistorius a insist\u00e9 sur la responsabilit\u00e9 de l\u2019industrie en mati\u00e8re d\u2019ex\u00e9cution, notant des cas de retards dans des projets malgr\u00e9 des accords apparemment finalis\u00e9s. Il a appel\u00e9 l\u2019industrie de l\u2019armement \u00e0 accro\u00eetre ses capacit\u00e9s dans divers secteurs, notamment les munitions, les drones et les chars d\u2019assaut. Cette volont\u00e9 d\u2019augmenter la production d\u00e9coule du plan ambitieux de l\u2019Allemagne visant \u00e0 r\u00e9organiser son dispositif de d\u00e9fense \u00e0 la suite de l\u2019invasion de l\u2019Ukraine par la Russie. L\u2019objectif est de faire de l\u2019Allemagne une force militaire de premier plan en Europe apr\u00e8s des ann\u00e9es de sous-financement.<\/p>\n<p>Cette transformation implique l\u2019acquisition d\u2019un large \u00e9ventail d\u2019\u00e9quipements, tels que des chars, des sous-marins, des drones et des avions de chasse. \u00c0 la veille de sa rencontre avec le secr\u00e9taire am\u00e9ricain \u00e0 la d\u00e9fense, Pete Hegseth, \u00e0 Washington, Pistorius a soulign\u00e9 l\u2019importance de la poursuite de la coop\u00e9ration transatlantique afin de garantir que toute r\u00e9duction de l\u2019engagement des \u00c9tats-Unis ne cr\u00e9e pas de vuln\u00e9rabilit\u00e9s que la Russie pourrait exploiter.<\/p>\n<p>Soutien \u00e0 l\u2019Ukraine<\/p>\n<p>Un autre sujet de discussion essentiel sera le soutien continu \u00e0 l\u2019Ukraine. L\u2019Allemagne plaide pour que les \u00c9tats-Unis fournissent des syst\u00e8mes de d\u00e9fense a\u00e9rienne <a href=\"https:\/\/fr.businessam.be\/allemagne-envisage-vente-patriot-ukraine\/\" rel=\"nofollow noopener\" target=\"_blank\">Patriot<\/a> suppl\u00e9mentaires, car Berlin a d\u00e9j\u00e0 fait don de trois de ses douze syst\u00e8mes, ce qui lui laisse une r\u00e9serve \u00e9puis\u00e9e. Pistorius a expliqu\u00e9 que l\u2019Allemagne ne dispose actuellement que de six syst\u00e8mes Patriot op\u00e9rationnels en raison des pr\u00eats accord\u00e9s \u00e0 la Pologne et des besoins de maintenance.<\/p>\n<p>Si Pistorius s\u2019est dit pr\u00eat \u00e0 discuter d\u2019une proposition allemande d\u2019achat de deux syst\u00e8mes Patriot pour l\u2019Ukraine, il a exclu de fournir des missiles de croisi\u00e8re \u00e0 longue port\u00e9e Taurus malgr\u00e9 l\u2019intensification des attaques russes.<\/p>\n","protected":false},"excerpt":{"rendered":"Principaux renseingnements L\u2019Allemagne augmente ses d\u00e9penses de d\u00e9fense de 70 pour cent, pour atteindre un total de 162&hellip;\n","protected":false},"author":2,"featured_media":250294,"comment_status":"","ping_status":"","sticky":false,"template":"","format":"standard","meta":{"footnotes":""},"categories":[1587],"tags":[11,672,1804,1805,554,1803,1777,674,1801,12,1802],"class_list":{"0":"post-250293","1":"post","2":"type-post","3":"status-publish","4":"format-standard","5":"has-post-thumbnail","7":"category-allemagne","8":"tag-actualites","9":"tag-allemagne","10":"tag-bundesrepublik-deutschland","11":"tag-de","12":"tag-defense","13":"tag-deutschland","14":"tag-eu","15":"tag-europe","16":"tag-germany","17":"tag-news","18":"tag-republique-federale-dallemagne"},"share_on_mastodon":{"url":"https:\/\/pubeurope.com\/@fr\/114853997655333741","error":""},"_links":{"self":[{"href":"https:\/\/www.europesays.com\/fr\/wp-json\/wp\/v2\/posts\/250293","targetHints":{"allow":["GET"]}}],"collection":[{"href":"https:\/\/www.europesays.com\/fr\/wp-json\/wp\/v2\/posts"}],"about":[{"href":"https:\/\/www.europesays.com\/fr\/wp-json\/wp\/v2\/types\/post"}],"author":[{"embeddable":true,"href":"https:\/\/www.europesays.com\/fr\/wp-json\/wp\/v2\/users\/2"}],"replies":[{"embeddable":true,"href":"https:\/\/www.europesays.com\/fr\/wp-json\/wp\/v2\/comments?post=250293"}],"version-history":[{"count":0,"href":"https:\/\/www.europesays.com\/fr\/wp-json\/wp\/v2\/posts\/250293\/revisions"}],"wp:featuredmedia":[{"embeddable":true,"href":"https:\/\/www.europesays.com\/fr\/wp-json\/wp\/v2\/media\/250294"}],"wp:attachment":[{"href":"https:\/\/www.europesays.com\/fr\/wp-json\/wp\/v2\/media?parent=250293"}],"wp:term":[{"taxonomy":"category","embeddable":true,"href":"https:\/\/www.europesays.com\/fr\/wp-json\/wp\/v2\/categories?post=250293"},{"taxonomy":"post_tag","embeddable":true,"href":"https:\/\/www.europesays.com\/fr\/wp-json\/wp\/v2\/tags?post=250293"}],"curies":[{"name":"wp","href":"https:\/\/api.w.org\/{rel}","templated":true}]}}