{"id":250300,"date":"2025-07-14T22:44:12","date_gmt":"2025-07-14T22:44:12","guid":{"rendered":"https:\/\/www.europesays.com\/fr\/250300\/"},"modified":"2025-07-14T22:44:12","modified_gmt":"2025-07-14T22:44:12","slug":"lheure-des-comptes-pour-le-prophete-de-la-dette-liberation","status":"publish","type":"post","link":"https:\/\/www.europesays.com\/fr\/250300\/","title":{"rendered":"l\u2019heure des comptes pour le proph\u00e8te de la dette \u2013 Lib\u00e9ration"},"content":{"rendered":"<p class=\"sc-ksZaOG ehjQrN text-element\">Cinq d\u00e9cennies de vie politique en une journ\u00e9e. En convoquant la presse mardi 15 juillet \u00e0 16 heures pour <a href=\"https:\/\/www.liberation.fr\/politique\/elections\/proportionnelle-bayrou-souhaite-que-les-francais-puissent-choisir-par-referendum-20250710_EQHTHYRC7VBIJLWNHEDLFUONSM\/?redirected=1\" target=\"_blank\" rel=\"noreferrer noopener\" title=\"https:\/\/www.liberation.fr\/politique\/elections\/proportionnelle-bayrou-souhaite-que-les-francais-puissent-choisir-par-referendum-20250710_EQHTHYRC7VBIJLWNHEDLFUONSM\/?redirected=1\">lever le voile sur son budget pour 2026<\/a>, Fran\u00e7ois Bayrou s\u2019imagine face \u00e0 l\u2019histoire. \u00abC\u2019est le temps le plus p\u00e9rilleux depuis la guerre d\u2019Alg\u00e9rie\u00bb, for\u00e7ait-il le trait la semaine derni\u00e8re face aux parlementaires de son camp, toujours pr\u00eat \u00e0 se mesurer \u00e0 Henri IV, Churchill, Mend\u00e8s France ou de Gaulle. \u00abL\u2019homme qui se voit \u00e9crire son autobiographie !\u00bb ironise une ministre. Faire avaler 40 milliards d\u2019efforts \u00e0 <a href=\"https:\/\/www.liberation.fr\/politique\/deputes-demobilises-textes-sans-ambition-absenteisme-a-lassemblee-nationale-une-apathie-de-loup-20250709_AD6LPEXSZZGWZHMYFY5WNR7KLY\/\" target=\"_blank\" rel=\"noreferrer noopener\" title=\"https:\/\/www.liberation.fr\/politique\/deputes-demobilises-textes-sans-ambition-absenteisme-a-lassemblee-nationale-une-apathie-de-loup-20250709_AD6LPEXSZZGWZHMYFY5WNR7KLY\/\">une Assembl\u00e9e \u00e9clat\u00e9e<\/a>, enfin un d\u00e9fi \u00e0 la hauteur de son ego, lui qui proph\u00e9tisait un an avant son accession \u00e0 Matignon qu\u2019on ne viendrait le chercher que pour sau<\/p>\n","protected":false},"excerpt":{"rendered":"Cinq d\u00e9cennies de vie politique en une journ\u00e9e. En convoquant la presse mardi 15 juillet \u00e0 16 heures&hellip;\n","protected":false},"author":2,"featured_media":250301,"comment_status":"","ping_status":"","sticky":false,"template":"","format":"standard","meta":{"footnotes":""},"categories":[2],"tags":[11,25548,1011,27,431,12,25],"class_list":{"0":"post-250300","1":"post","2":"type-post","3":"status-publish","4":"format-standard","5":"has-post-thumbnail","7":"category-actualites","8":"tag-actualites","9":"tag-budget-public","10":"tag-fr","11":"tag-france","12":"tag-francois-bayrou","13":"tag-news","14":"tag-republique-francaise"},"share_on_mastodon":{"url":"https:\/\/pubeurope.com\/@fr\/114854013430126112","error":""},"_links":{"self":[{"href":"https:\/\/www.europesays.com\/fr\/wp-json\/wp\/v2\/posts\/250300","targetHints":{"allow":["GET"]}}],"collection":[{"href":"https:\/\/www.europesays.com\/fr\/wp-json\/wp\/v2\/posts"}],"about":[{"href":"https:\/\/www.europesays.com\/fr\/wp-json\/wp\/v2\/types\/post"}],"author":[{"embeddable":true,"href":"https:\/\/www.europesays.com\/fr\/wp-json\/wp\/v2\/users\/2"}],"replies":[{"embeddable":true,"href":"https:\/\/www.europesays.com\/fr\/wp-json\/wp\/v2\/comments?post=250300"}],"version-history":[{"count":0,"href":"https:\/\/www.europesays.com\/fr\/wp-json\/wp\/v2\/posts\/250300\/revisions"}],"wp:featuredmedia":[{"embeddable":true,"href":"https:\/\/www.europesays.com\/fr\/wp-json\/wp\/v2\/media\/250301"}],"wp:attachment":[{"href":"https:\/\/www.europesays.com\/fr\/wp-json\/wp\/v2\/media?parent=250300"}],"wp:term":[{"taxonomy":"category","embeddable":true,"href":"https:\/\/www.europesays.com\/fr\/wp-json\/wp\/v2\/categories?post=250300"},{"taxonomy":"post_tag","embeddable":true,"href":"https:\/\/www.europesays.com\/fr\/wp-json\/wp\/v2\/tags?post=250300"}],"curies":[{"name":"wp","href":"https:\/\/api.w.org\/{rel}","templated":true}]}}