{"id":250308,"date":"2025-07-14T22:49:07","date_gmt":"2025-07-14T22:49:07","guid":{"rendered":"https:\/\/www.europesays.com\/fr\/250308\/"},"modified":"2025-07-14T22:49:07","modified_gmt":"2025-07-14T22:49:07","slug":"je-traverse-une-periode-tres-difficile-la-course-contre-la-montre-de-paula-badosa-blessee-au-psoas-pour-lus-open-lequipe","status":"publish","type":"post","link":"https:\/\/www.europesays.com\/fr\/250308\/","title":{"rendered":"\u00ab Je traverse une p\u00e9riode tr\u00e8s difficile \u00bb : la course contre-la-montre de Paula Badosa, bless\u00e9e au psoas, pour l&#039;US Open &#8211; L&#039;\u00c9quipe"},"content":{"rendered":"<ol>\n<li><a href=\"https:\/\/news.google.com\/rss\/articles\/CBMi_AFBVV95cUxPRVVBSTNXTWZIZ20yaDlBdE5sRHpJU3BPaE1RVjBrQnJ0Q0JEUTZ3UWZOWm9zbXUyMWQ2UnRzTnpzSEFGTHpBY0VEZFRrU1Z2VWt0QnFjaGRZZGZ1WndFQUpUMnQzZEEzSUdaMG9uTkJ1S3huYWp2WDRqUXprbWxOMGt3WUtqdEN4RmJnWS0tcTR1MjBROGpDN0h3NkVPb1hUMzJWTmEtaC1JSVowYVEzTFYyVXZfaS1KUGVDdmxQUHpLT3I0dmtpUzZ2Ri01bjdKWWJKYmlLX1VrSXlZNEdZZTJiUzdjc0NQMkxOR2RHX2taN08tUi04SW9zZnU?oc=5\" target=\"_blank\" rel=\"nofollow noopener\">\u00ab Je traverse une p\u00e9riode tr\u00e8s difficile \u00bb : la course contre-la-montre de Paula Badosa, bless\u00e9e au psoas, pour l&rsquo;US Open<\/a>&nbsp;&nbsp;L&rsquo;\u00c9quipe<\/li>\n<li><a href=\"https:\/\/news.google.com\/rss\/articles\/CBMiggFBVV95cUxNY1ZySHhyeFN1anBBQm9fOGhzSnFYU1l4RHRVUkgzcWp4ZXNUN1RPYXJQLVJQUXBKaVRpQ1piNDVGbUxCWmF2b0h5QTFZZUdDTG5HVjFWM1dnWTRyNUQtREF4WENZZlUwMnREVFRJdG5Uc0lXRmZYVHFZN3NwT0RRc3dB?oc=5\" target=\"_blank\" rel=\"nofollow noopener\">\u00ab Je traverse une p\u00e9riode tr\u00e8s difficile \u00bb, Badosa contrainte \u00e0 l\u2019abandon lors d\u2019une exhibition en Espagne<\/a>&nbsp;&nbsp;Tennis Temple<\/li>\n<li><a href=\"https:\/\/news.google.com\/rss\/articles\/CBMi0wFBVV95cUxQb29KWHRKWXAwZkxXcDRVLVM4eUZKa2d1V0RfOEhqSHRiWUo5Q3VXN1RLNEJHV0diWDR4VUg1SzFycUYxZmFJXy1BcFUxUWxza3A0Y1BiMHplWlJadjBxUksxSWp2LUFqRFBiM1NsblYzYzFEbU1PdEhIWndqelRHbWpyd2RYdDBManRoNU1vUElIaHpQREkzMExLQTRfVzZhd25PMVAybFNmcGNlcFk2bEtTN0d0REpWMUdOaG9oYVo1MkUtRjZHUHNJV2pZbXhwSURN?oc=5\" target=\"_blank\" rel=\"nofollow noopener\">Tennis: WTA &#8211; Paula Badosa de nouveau bless\u00e9e : \u00ab\u00a0Je traverse une p\u00e9riode difficile\u00a0\u00bb<\/a>&nbsp;&nbsp;MSN<\/li>\n<li><a href=\"https:\/\/news.google.com\/rss\/articles\/CBMigwFBVV95cUxNcDdGbGFrQkx5RkxXeF9sa0Q3eHhvMUlFcTBWNkp2RDRCRmdDWlY2VDQwbTRqc1pKUTM0T1ZSZ3M0YUtPZjNMM0JQdjVJSG5TUlJOLW9CeVY2V0lpM3I5U1dkNzJibTRYeFk2OFVXWnVpUm5NTFVPRlh2Z2Z6cTNDV0NqVQ?oc=5\" target=\"_blank\" rel=\"nofollow noopener\">\u00ab Cela va m\u2019emp\u00eacher de jouer pendant quelques semaines \u00bb, Badosa r\u00e9v\u00e8le une nouvelle blessure avant le d\u00e9but de la tourn\u00e9e am\u00e9ricaine<\/a>&nbsp;&nbsp;Tennis Temple<\/li>\n<\/ol>\n","protected":false},"excerpt":{"rendered":"\u00ab Je traverse une p\u00e9riode tr\u00e8s difficile \u00bb : la course contre-la-montre de Paula Badosa, bless\u00e9e au psoas,&hellip;\n","protected":false},"author":2,"featured_media":1445,"comment_status":"","ping_status":"","sticky":false,"template":"","format":"standard","meta":{"footnotes":""},"categories":[1415],"tags":[1011,27,60,1467],"class_list":{"0":"post-250308","1":"post","2":"type-post","3":"status-publish","4":"format-standard","5":"has-post-thumbnail","7":"category-tennis","8":"tag-fr","9":"tag-france","10":"tag-sports","11":"tag-tennis"},"share_on_mastodon":{"url":"https:\/\/pubeurope.com\/@fr\/114854033005716149","error":""},"_links":{"self":[{"href":"https:\/\/www.europesays.com\/fr\/wp-json\/wp\/v2\/posts\/250308","targetHints":{"allow":["GET"]}}],"collection":[{"href":"https:\/\/www.europesays.com\/fr\/wp-json\/wp\/v2\/posts"}],"about":[{"href":"https:\/\/www.europesays.com\/fr\/wp-json\/wp\/v2\/types\/post"}],"author":[{"embeddable":true,"href":"https:\/\/www.europesays.com\/fr\/wp-json\/wp\/v2\/users\/2"}],"replies":[{"embeddable":true,"href":"https:\/\/www.europesays.com\/fr\/wp-json\/wp\/v2\/comments?post=250308"}],"version-history":[{"count":0,"href":"https:\/\/www.europesays.com\/fr\/wp-json\/wp\/v2\/posts\/250308\/revisions"}],"wp:featuredmedia":[{"embeddable":true,"href":"https:\/\/www.europesays.com\/fr\/wp-json\/wp\/v2\/media\/1445"}],"wp:attachment":[{"href":"https:\/\/www.europesays.com\/fr\/wp-json\/wp\/v2\/media?parent=250308"}],"wp:term":[{"taxonomy":"category","embeddable":true,"href":"https:\/\/www.europesays.com\/fr\/wp-json\/wp\/v2\/categories?post=250308"},{"taxonomy":"post_tag","embeddable":true,"href":"https:\/\/www.europesays.com\/fr\/wp-json\/wp\/v2\/tags?post=250308"}],"curies":[{"name":"wp","href":"https:\/\/api.w.org\/{rel}","templated":true}]}}