{"id":25033,"date":"2025-04-14T19:37:12","date_gmt":"2025-04-14T19:37:12","guid":{"rendered":"https:\/\/www.europesays.com\/fr\/25033\/"},"modified":"2025-04-14T19:37:12","modified_gmt":"2025-04-14T19:37:12","slug":"porsche-a-ouvert-son-premier-centre-classics-en-allemagne","status":"publish","type":"post","link":"https:\/\/www.europesays.com\/fr\/25033\/","title":{"rendered":"Porsche a ouvert son premier Centre Classics en Allemagne"},"content":{"rendered":"<p>\n\u00ab En 2024, nous avons c\u00e9l\u00e9br\u00e9 la pose de la premi\u00e8re pierre des nouveaux b\u00e2timents des Porsche Centers \u00e0 Kassel et Minden, que nous esp\u00e9rons conclure avant la fin de cette ann\u00e9e \u00bb, a d\u00e9clar\u00e9 <strong>Karsten Sohns, <\/strong>PDG et directeur financier de Porsche Allemagne. C&rsquo;est d\u00e9sormais chose faite. Le nouveau centre de Kassel, en Allemagne, est d\u00e9sormais op\u00e9rationnel. Il a \u00e9t\u00e9 inaugur\u00e9 le <strong>4 avril dernier<\/strong>, sous les yeux de 350 invit\u00e9s. Il est dirig\u00e9 par le groupe Glinicke.<\/p>\n<p>\nAvec sa salle d&rsquo;exposition et son atelier, le nouvel \u00e9tablissement propose des services de restauration, d&rsquo;entretien, ainsi que la vente de mod\u00e8les historiques. Les salari\u00e9s disposent d&rsquo;une large gamme de plus de 80 000 pi\u00e8ces de rechange pour les exemplaires qui ont \u00e9t\u00e9 fabriqu\u00e9s avant 2015. \u00ab Nos voitures actuelles et classiques sont g\u00e9n\u00e9ralement des tr\u00e9sors dans les garages de nos clients, ajoute <strong>Alexander Fabig,<\/strong> vice-pr\u00e9sident de l&rsquo;individualisation et des classiques. C&rsquo;est pourquoi ce projet est particuli\u00e8rement important pour nous. Nous sommes heureux que nous \u00e9largissions \u00e9galement notre gamme de services de conseil et d&rsquo;assistance pour les v\u00e9hicules classiques sur notre march\u00e9 national en Allemagne \u00bb.<\/p>\n<p>\n<img decoding=\"async\" alt=\"Porsche Classics \" src=\"data:image\/gif;base64,R0lGODdhAQABAPAAAMPDwwAAACwAAAAAAQABAAACAkQBADs=\" data-original=\"https:\/\/www.auto-infos.fr\/mediatheque\/8\/0\/4\/000293408_illustration_large.jpg\"\/><\/p>\n<p>\nLe centre n&rsquo;est pas seulement un lieu pour des restaurations professionnelles, mais aussi un point de rencontre pour la communaut\u00e9 Porsche. Des \u00e9v\u00e9nements seront organis\u00e9s pour la rassembler. Porsche poss\u00e8de quatre autres centres de ce type dans le monde : en France, en Norv\u00e8ge, et deux en Suisse. Le groupe Glinicke d\u00e9tient les droits de distribution de la marque Porsche depuis 75 ans.<\/p>\n","protected":false},"excerpt":{"rendered":"\u00ab En 2024, nous avons c\u00e9l\u00e9br\u00e9 la pose de la premi\u00e8re pierre des nouveaux b\u00e2timents des Porsche Centers&hellip;\n","protected":false},"author":2,"featured_media":25034,"comment_status":"","ping_status":"","sticky":false,"template":"","format":"standard","meta":{"footnotes":""},"categories":[1587],"tags":[11,672,1804,1979,1805,1803,8999,1777,674,1801,12,6027,1802,9000],"class_list":{"0":"post-25033","1":"post","2":"type-post","3":"status-publish","4":"format-standard","5":"has-post-thumbnail","7":"category-allemagne","8":"tag-actualites","9":"tag-allemagne","10":"tag-bundesrepublik-deutschland","11":"tag-constructeurs","12":"tag-de","13":"tag-deutschland","14":"tag-developpement-de-porsche-en-europe","15":"tag-eu","16":"tag-europe","17":"tag-germany","18":"tag-news","19":"tag-porsche","20":"tag-republique-federale-dallemagne","21":"tag-restauration-automobile"},"share_on_mastodon":{"url":"https:\/\/pubeurope.com\/@fr\/114338007849089760","error":""},"_links":{"self":[{"href":"https:\/\/www.europesays.com\/fr\/wp-json\/wp\/v2\/posts\/25033","targetHints":{"allow":["GET"]}}],"collection":[{"href":"https:\/\/www.europesays.com\/fr\/wp-json\/wp\/v2\/posts"}],"about":[{"href":"https:\/\/www.europesays.com\/fr\/wp-json\/wp\/v2\/types\/post"}],"author":[{"embeddable":true,"href":"https:\/\/www.europesays.com\/fr\/wp-json\/wp\/v2\/users\/2"}],"replies":[{"embeddable":true,"href":"https:\/\/www.europesays.com\/fr\/wp-json\/wp\/v2\/comments?post=25033"}],"version-history":[{"count":0,"href":"https:\/\/www.europesays.com\/fr\/wp-json\/wp\/v2\/posts\/25033\/revisions"}],"wp:featuredmedia":[{"embeddable":true,"href":"https:\/\/www.europesays.com\/fr\/wp-json\/wp\/v2\/media\/25034"}],"wp:attachment":[{"href":"https:\/\/www.europesays.com\/fr\/wp-json\/wp\/v2\/media?parent=25033"}],"wp:term":[{"taxonomy":"category","embeddable":true,"href":"https:\/\/www.europesays.com\/fr\/wp-json\/wp\/v2\/categories?post=25033"},{"taxonomy":"post_tag","embeddable":true,"href":"https:\/\/www.europesays.com\/fr\/wp-json\/wp\/v2\/tags?post=25033"}],"curies":[{"name":"wp","href":"https:\/\/api.w.org\/{rel}","templated":true}]}}