{"id":250334,"date":"2025-07-14T23:06:10","date_gmt":"2025-07-14T23:06:10","guid":{"rendered":"https:\/\/www.europesays.com\/fr\/250334\/"},"modified":"2025-07-14T23:06:10","modified_gmt":"2025-07-14T23:06:10","slug":"liran-refuse-de-renoncer-a-lenrichissement-duranium","status":"publish","type":"post","link":"https:\/\/www.europesays.com\/fr\/250334\/","title":{"rendered":"L&rsquo;Iran refuse de renoncer \u00e0 l&rsquo;enrichissement d&rsquo;uranium"},"content":{"rendered":"<p> \u00abSi les n\u00e9gociations doivent \u00eatre conditionn\u00e9es \u00e0 l&rsquo;arr\u00eat de l&rsquo;enrichissement, de telles n\u00e9gociations n&rsquo;auront certainement pas lieu\u00a0\u00bb, a d\u00e9clar\u00e9 Ali Akbar Velayati, un conseiller du <a href=\"https:\/\/www.20minutes.fr\/monde\/israel\/4162167-20250706-iran-ayatollah-ali-khamenei-reapparait-publiquement\" target=\"_blank\" class=\"color-ultramarine c-link\" rel=\"nofollow noopener\">guide supr\u00eame iranien<\/a>, cit\u00e9 par l&rsquo;agence de presse de la R\u00e9publique islamique Irna. Ali Akbar Velayati s&rsquo;exprimait \u00e0 T\u00e9h\u00e9ran lors d&rsquo;une rencontre avec le ministre pakistanais de l&rsquo;Int\u00e9rieur, Mohsin Naqvi.<\/p>\n<p><a href=\"https:\/\/www.20minutes.fr\/monde\/israel\/\" class=\"color-ultramarine c-link\" rel=\"nofollow noopener\" target=\"_blank\">Isra\u00ebl<\/a>, ennemi jur\u00e9 de la <a href=\"https:\/\/www.20minutes.fr\/monde\/iran\/\" class=\"color-ultramarine c-link\" rel=\"nofollow noopener\" target=\"_blank\">R\u00e9publique islamique d&rsquo;Iran<\/a>, et les pays occidentaux, Etats-Unis en t\u00eate, soup\u00e7onnent de longue date ce pays de vouloir se doter de la bombe atomique. <a href=\"https:\/\/www.20minutes.fr\/monde\/teheran\/\" class=\"color-ultramarine c-link\" rel=\"nofollow noopener\" target=\"_blank\">T\u00e9h\u00e9ran<\/a>, qui se d\u00e9fend vigoureusement d&rsquo;avoir de telles ambitions militaires, dit d\u00e9velopper le nucl\u00e9aire pour des besoins civils, notamment pour l&rsquo;\u00e9nergie.<\/p>\n<p>L&rsquo;Iran et les Etats-Unis ont tenu depuis avril cinq cycles de discussions sur le nucl\u00e9aire via le m\u00e9diateur omanais, avant qu&rsquo;Isra\u00ebl ne lance le 13 juin une <a href=\"https:\/\/www.20minutes.fr\/monde\/israel\/4161142-20250630-guerre-israel-iran-plus-900-morts-iran-pendant-guerre-selon-media-officiel\" target=\"_blank\" class=\"color-ultramarine c-link\" rel=\"nofollow noopener\">attaque contre l&rsquo;Iran<\/a>, qui a d\u00e9clench\u00e9 une guerre de 12 jours.<\/p>\n<p>T\u00e9h\u00e9ran et Washington devaient se rencontrer le 15 juin, mais les discussions ont \u00e9t\u00e9 annul\u00e9es en raison de la guerre.<\/p>\n<p>L&rsquo;Iran affirme \u00eatre en faveur d&rsquo;une solution diplomatique avec les Etats-Unis<\/p>\n<p>Lundi, le pr\u00e9sident iranien <a href=\"https:\/\/www.20minutes.fr\/monde\/israel\/4162368-20250707-guerre-israel-iran-president-iranien-affirme-israel-tente-assassiner\" target=\"_blank\" class=\"color-ultramarine c-link\" rel=\"nofollow noopener\">Massoud Pezeshkian<\/a> a affirm\u00e9 que son pays \u00e9tait \u00ab\u00a0en faveur de la diplomatie et de l&rsquo;engagement constructif\u00a0\u00bb, dans un message publi\u00e9 sur le site de la pr\u00e9sidence. \u00ab\u00a0Nous continuons de croire que la fen\u00eatre de la diplomatie reste ouverte, et nous poursuivrons cette voie pacifique avec s\u00e9rieux\u00a0\u00bb, a-t-il ajout\u00e9.<\/p>\n<p>L&rsquo;Iran a dit lundi ne pas \u00e9carter une reprise des pourparlers avec les Etats-Unis. \u00ab\u00a0Pour l&rsquo;instant, aucune date, heure ni lieu pr\u00e9cis n&rsquo;ont \u00e9t\u00e9 fix\u00e9s pour une rencontre\u00a0\u00bb, a dit le porte-parole de la diplomatie, Esma\u00efl Bagha\u00ef.<\/p>\n<p>Il \u00e9tait interrog\u00e9 par des journalistes sur une rencontre entre Abbas Araghchi, ministre iranien des Affaires \u00e9trang\u00e8res, et Steve Witkoff, son interlocuteur c\u00f4t\u00e9 am\u00e9ricain pour les pourparlers sur le nucl\u00e9aire.<\/p>\n<\/p>\n<p>\u00ab\u00a0Nous avons \u00e9t\u00e9 s\u00e9rieux dans le processus de n\u00e9gociation, nous y sommes all\u00e9s de bonne foi mais, comme chacun a pu le constater, le r\u00e9gime sioniste (Isra\u00ebl) en coordination avec les Etats-Unis a agress\u00e9 militairement l&rsquo;Iran, avant un sixi\u00e8me cycle\u00a0\u00bb de pourparlers, a soulign\u00e9 Esma\u00efl Bagha\u00ef.<\/p>\n<p>Selon l&rsquo;<a href=\"https:\/\/www.20minutes.fr\/monde\/aiea\/\" class=\"color-ultramarine c-link\" rel=\"nofollow noopener\" target=\"_blank\">Agence internationale de l&rsquo;\u00e9nergie atomique<\/a> (AIEA), l&rsquo;Iran est l&rsquo;unique pays non dot\u00e9 de l&rsquo;arme nucl\u00e9aire \u00e0 enrichir de l&rsquo;uranium \u00e0 un niveau \u00e9lev\u00e9 (60%), bien au-del\u00e0 de la limite de 3,67% fix\u00e9e par l&rsquo;accord international conclu en 2015 avec les grandes puissances, dont les Etats-Unis se sont retir\u00e9s en 2018, lors du premier mandat de <a href=\"https:\/\/www.20minutes.fr\/dossier\/donald_trump\" class=\"color-ultramarine c-link\" rel=\"nofollow noopener\" target=\"_blank\">Donald Trump<\/a>. Pour fabriquer une bombe, l&rsquo;enrichissement doit \u00eatre pouss\u00e9 jusqu&rsquo;\u00e0 90%, d&rsquo;apr\u00e8s l&rsquo;AIEA.<\/p>\n","protected":false},"excerpt":{"rendered":"\u00abSi les n\u00e9gociations doivent \u00eatre conditionn\u00e9es \u00e0 l&rsquo;arr\u00eat de l&rsquo;enrichissement, de telles n\u00e9gociations n&rsquo;auront certainement pas lieu\u00a0\u00bb, a&hellip;\n","protected":false},"author":2,"featured_media":250335,"comment_status":"","ping_status":"","sticky":false,"template":"","format":"standard","meta":{"footnotes":""},"categories":[5],"tags":[47,11,10733,10735,73,1011,27,14,3019,664,74,12,5654,10458,10734,34800,2744,28],"class_list":{"0":"post-250334","1":"post","2":"type-post","3":"status-publish","4":"format-standard","5":"has-post-thumbnail","7":"category-international","8":"tag-actualite","9":"tag-actualites","10":"tag-aiea","11":"tag-bombe-nucleaire","12":"tag-etats-unis","13":"tag-fr","14":"tag-france","15":"tag-international","16":"tag-iran","17":"tag-israel","18":"tag-monde","19":"tag-news","20":"tag-nucleaire","21":"tag-programme-nucleaire-iranien","22":"tag-teheran","23":"tag-uranium","24":"tag-washington","25":"tag-world"},"share_on_mastodon":{"url":"https:\/\/pubeurope.com\/@fr\/114854099882914217","error":""},"_links":{"self":[{"href":"https:\/\/www.europesays.com\/fr\/wp-json\/wp\/v2\/posts\/250334","targetHints":{"allow":["GET"]}}],"collection":[{"href":"https:\/\/www.europesays.com\/fr\/wp-json\/wp\/v2\/posts"}],"about":[{"href":"https:\/\/www.europesays.com\/fr\/wp-json\/wp\/v2\/types\/post"}],"author":[{"embeddable":true,"href":"https:\/\/www.europesays.com\/fr\/wp-json\/wp\/v2\/users\/2"}],"replies":[{"embeddable":true,"href":"https:\/\/www.europesays.com\/fr\/wp-json\/wp\/v2\/comments?post=250334"}],"version-history":[{"count":0,"href":"https:\/\/www.europesays.com\/fr\/wp-json\/wp\/v2\/posts\/250334\/revisions"}],"wp:featuredmedia":[{"embeddable":true,"href":"https:\/\/www.europesays.com\/fr\/wp-json\/wp\/v2\/media\/250335"}],"wp:attachment":[{"href":"https:\/\/www.europesays.com\/fr\/wp-json\/wp\/v2\/media?parent=250334"}],"wp:term":[{"taxonomy":"category","embeddable":true,"href":"https:\/\/www.europesays.com\/fr\/wp-json\/wp\/v2\/categories?post=250334"},{"taxonomy":"post_tag","embeddable":true,"href":"https:\/\/www.europesays.com\/fr\/wp-json\/wp\/v2\/tags?post=250334"}],"curies":[{"name":"wp","href":"https:\/\/api.w.org\/{rel}","templated":true}]}}