{"id":250340,"date":"2025-07-14T23:10:12","date_gmt":"2025-07-14T23:10:12","guid":{"rendered":"https:\/\/www.europesays.com\/fr\/250340\/"},"modified":"2025-07-14T23:10:12","modified_gmt":"2025-07-14T23:10:12","slug":"eric-le-jaouen-directement-vers-la-sortie-de-saint-etienne-ensemble-2026","status":"publish","type":"post","link":"https:\/\/www.europesays.com\/fr\/250340\/","title":{"rendered":"ERIC LE JAOUEN DIRECTEMENT VERS LA SORTIE DE SAINT-\u00c9TIENNE ENSEMBLE 2026"},"content":{"rendered":"<p>                <a href=\"https:\/\/cadenceradio.fr\" target=\"_blank\" aria-label=\"Banni\u00e8re Cadence 2025\" rel=\"nofollow noopener\"><img loading=\"lazy\" decoding=\"async\" src=\"https:\/\/www.europesays.com\/fr\/wp-content\/uploads\/2025\/07\/Banniere-Cadence-2025-scaled.jpg\" alt=\"\"   width=\"2560\" height=\"738\"\/><\/a><\/p>\n<p>Les motifs invoqu\u00e9s pointent une incompatibilit\u00e9 de m\u00e9thodes et d\u2019\u00e9tat d\u2019esprit. Selon les signataires du communiqu\u00e9, les agissements r\u00e9cents du responsable politique ne correspondaient plus aux valeurs de collaboration, de fid\u00e9lit\u00e9 et d\u2019ouverture qui caract\u00e9risent leur d\u00e9marche collective. D\u2019apr\u00e8s nos informations certains soutiens du groupe Saint-\u00c9tienne Ensemble 2026 annonce que Eric Le Jaouen \u00ab\u00a0avait une vision pour son propre destin politique personnel\u00a0\u00bb.<\/p>\n<p>Le collectif dresse un r\u00e9quisitoire d\u00e9taill\u00e9 des reproches adress\u00e9s au dirigeant d\u2019Horizons. Les partenaires d\u00e9noncent des initiatives prises sans concertation, des op\u00e9rations de d\u00e9sinformation, des d\u00e9clarations mensong\u00e8res et des tentatives d\u2019imposer des d\u00e9cisions sans d\u00e9bat pr\u00e9alable. Cette accumulation de griefs a conduit les membres de l\u2019alliance \u00e0 officialiser la rupture avec celui qui \u00e9tait jusqu\u2019alors l\u2019un des piliers de leur rassemblement politique.<\/p>\n<p>Une exclusion sans cons\u00e9quence partisane<\/p>\n<p>Les responsables de la coalition tiennent \u00e0 pr\u00e9ciser que cette d\u00e9cision vise exclusivement la personne d\u2019Eric Le Jaouen et ne remet pas en cause leurs relations avec le mouvement Horizons dans son ensemble. Ils soulignent que les instances nationales du parti ont r\u00e9affirm\u00e9 leur soutien \u00e0 la dynamique collective st\u00e9phanoise.<\/p>\n<p>Malgr\u00e9 cette d\u00e9fection, l\u2019alliance maintient sa coh\u00e9sion autour des figures politiques restantes. Quentin Bataillon pour Renaissance, Zahra Bencharif du Parti Radical de Gauche, Dino Cinieri des R\u00e9publicains, Alain Bertheas du Parti Radical, Lionel Boucher de l\u2019UDI et Emmanuel Mandon du MoDem r\u00e9affirment leur unit\u00e9 de vue.<\/p>\n<p>Ces six responsables politiques insistent sur le caract\u00e8re individuel du diff\u00e9rend et rappellent que leur opposition concerne uniquement les m\u00e9thodes employ\u00e9es par leur ancien partenaire, sans remettre en question l\u2019appartenance politique de ce dernier.<\/p>\n<p>Cette clarification intervient \u00e0 un moment charni\u00e8re de la pr\u00e9paration des \u00e9ch\u00e9ances municipales de 2026. Le collectif Saint-\u00c9tienne Ensemble semble vouloir tourner la page de cet \u00e9pisode pour se concentrer sur la construction de son projet politique alternatif. <\/p>\n","protected":false},"excerpt":{"rendered":"Les motifs invoqu\u00e9s pointent une incompatibilit\u00e9 de m\u00e9thodes et d\u2019\u00e9tat d\u2019esprit. Selon les signataires du communiqu\u00e9, les agissements&hellip;\n","protected":false},"author":2,"featured_media":250341,"comment_status":"","ping_status":"","sticky":false,"template":"","format":"standard","meta":{"footnotes":""},"categories":[9653],"tags":[1111,11,2430,39053,1777,674,1011,27,3367,12,316,25,4001],"class_list":{"0":"post-250340","1":"post","2":"type-post","3":"status-publish","4":"format-standard","5":"has-post-thumbnail","7":"category-saint-etienne","8":"tag-actu","9":"tag-actualites","10":"tag-auvergne-rhone-alpes","11":"tag-eric-le-jaouen","12":"tag-eu","13":"tag-europe","14":"tag-fr","15":"tag-france","16":"tag-loire","17":"tag-news","18":"tag-politique","19":"tag-republique-francaise","20":"tag-saint-etienne"},"share_on_mastodon":{"url":"https:\/\/pubeurope.com\/@fr\/114854115691112378","error":""},"_links":{"self":[{"href":"https:\/\/www.europesays.com\/fr\/wp-json\/wp\/v2\/posts\/250340","targetHints":{"allow":["GET"]}}],"collection":[{"href":"https:\/\/www.europesays.com\/fr\/wp-json\/wp\/v2\/posts"}],"about":[{"href":"https:\/\/www.europesays.com\/fr\/wp-json\/wp\/v2\/types\/post"}],"author":[{"embeddable":true,"href":"https:\/\/www.europesays.com\/fr\/wp-json\/wp\/v2\/users\/2"}],"replies":[{"embeddable":true,"href":"https:\/\/www.europesays.com\/fr\/wp-json\/wp\/v2\/comments?post=250340"}],"version-history":[{"count":0,"href":"https:\/\/www.europesays.com\/fr\/wp-json\/wp\/v2\/posts\/250340\/revisions"}],"wp:featuredmedia":[{"embeddable":true,"href":"https:\/\/www.europesays.com\/fr\/wp-json\/wp\/v2\/media\/250341"}],"wp:attachment":[{"href":"https:\/\/www.europesays.com\/fr\/wp-json\/wp\/v2\/media?parent=250340"}],"wp:term":[{"taxonomy":"category","embeddable":true,"href":"https:\/\/www.europesays.com\/fr\/wp-json\/wp\/v2\/categories?post=250340"},{"taxonomy":"post_tag","embeddable":true,"href":"https:\/\/www.europesays.com\/fr\/wp-json\/wp\/v2\/tags?post=250340"}],"curies":[{"name":"wp","href":"https:\/\/api.w.org\/{rel}","templated":true}]}}