{"id":250347,"date":"2025-07-14T23:14:57","date_gmt":"2025-07-14T23:14:57","guid":{"rendered":"https:\/\/www.europesays.com\/fr\/250347\/"},"modified":"2025-07-14T23:14:57","modified_gmt":"2025-07-14T23:14:57","slug":"les-indices-a-lachat-et-a-la-location-5","status":"publish","type":"post","link":"https:\/\/www.europesays.com\/fr\/250347\/","title":{"rendered":"les indices \u00e0 l&rsquo;achat et \u00e0 la location"},"content":{"rendered":"<p class=\"articleHead-lead\">\n            Informations sur la qualit\u00e9 de vie \u00e0 Toulon et les indices de prix \u00e0 la vente et \u00e0 la location au 1er juillet 2025 : tout apprendre sur le cadre de vie propos\u00e9 par la ville.\n        <\/p>\n<ul class=\"articleMainFollow-list\">\n<li class=\"articleMainFollow-item\">\n<p>                        Sauvegarder<\/p>\n<p>                        Sauvegard\u00e9<\/p>\n<\/li>\n<li class=\"articleMainFollow-item\">\n<\/li>\n<\/ul>\n<p>\n                    Recevoir les alertes Prix immobilier\n                <\/p>\n<p>La commune de Toulon vous int\u00e9resse et vous voulez y acqu\u00e9rir ou y louer un bien ? Vous trouverez les prix et loyers qui y sont pratiqu\u00e9s gr\u00e2ce aux indices \u00e0 la vente de la Fnaim (F\u00e9d\u00e9ration nationale de l&rsquo;immobilier) et ceux sur les loyers \u00e9tablis par <a href=\"https:\/\/clameur.fr\/\" target=\"_blank\" rel=\"noopener\">l&rsquo;Observatoire Clameur<\/a>. <br \/>Vous planifiez d&rsquo;investir dans la pierre dans cette commune ? Au 1er juillet 2025, le prix de vente moyen y atteignait 3.389 \u20ac\/m\u00b2, selon l&rsquo;indice de la Fnaim. En l&rsquo;espace de 12 mois, cet indice a enregistr\u00e9 une croissance de 2,2% et de 2,5% en trois mois. Ces variations sont le reflet de la vitalit\u00e9 du march\u00e9 toulonnais. Lorsqu&rsquo;on s&rsquo;int\u00e9resse aux chiffres des trois derni\u00e8res ann\u00e9es, on note \u00e9galement une hausse notable des prix (+6,8%).<\/p>\n<p> Prix au m\u00b2 \u00e0 Toulon : quels sont les indices \u00e0 l&rsquo;achat dans la ville pour juillet 2025 ?<\/p>\n<p>Les indices du 1er juillet 2025 indiquent, en outre, qu&rsquo;acheter une maison \u00e0 Toulon revient \u00e0 investir en moyenne 5.003\u20ac\/m\u00b2. Un appartement est, quant \u00e0 lui, aujourd&rsquo;hui accessible pour 2.934 \u20ac\/m\u00b2. Si vous d\u00e9sirez acc\u00e9der \u00e0 des renseignements plus d\u00e9taill\u00e9s sur le march\u00e9 immobilier dans l&rsquo;agglom\u00e9ration, reportez-vous aux chiffres des logements vendus selon leur taille :<\/p>\n<ul>\n<li> Maison T3 : 5.299 \u20ac\/m\u00b2 <\/li>\n<li> Maison T4 : 5.044 \u20ac\/m\u00b2 <\/li>\n<li> Maison T5 : 4.918 \u20ac\/m\u00b2 <\/li>\n<li> Maison T6 et + : 4.651 \u20ac\/m\u00b2 <\/li>\n<li> Appartement T1 : 3.325 \u20ac\/m\u00b2 <\/li>\n<li> Appartement T2 : 3.033 \u20ac\/m\u00b2 <\/li>\n<li> Appartement T3 : 2.905 \u20ac\/m\u00b2 <\/li>\n<li> Appartement T4 et + : 2.815 \u20ac\/m\u00b2 <\/li>\n<\/ul>\n<p> C&rsquo;est un prix au m\u00e8tre carr\u00e9 26% inf\u00e9rieur \u00e0 celui du d\u00e9partement (4.255 \u20ac\/m\u00b2) que l&rsquo;on observe dans cette ville. Retrouvez les annonces des professionnels de Fnaim : de les <a href=\"https:\/\/www.fnaim.fr\/immobilier\/35238\/46-toulon-83000.htm\" target=\"_blank\" rel=\"noopener\">biens immobiliers en vente ou \u00e0 la location sur Toulon<\/a>.<\/p>\n<p><a href=\"https:\/\/www.capital.fr\/page\/comparateur-pret-immobilier\" target=\"_blank\" rel=\"noopener\"> &gt;&gt; Notre service &#8211; Comparez les taux en testant notre simulateur de pr\u00eat immobilier<\/a><\/p>\n<p> Loyers au m\u00b2 pour les 4 derniers trimestres \u00e0 Toulon<\/p>\n<p>Pour vous donner la possibilit\u00e9 de mieux comprendre, Clameur r\u00e9pertorie les loyers n\u00e9goci\u00e9s sur un an par sorte de bien \u00e0 Toulon. <\/p>\n<p>En moyenne, les locataires d\u00e9pensent 13 \u20ac\/m\u00b2 (hors charges) pour loger en appartement \u00e0 Toulon. Il s&rsquo;agit du loyer m\u00e9dian*, toutes surfaces confondues, calcul\u00e9 sur les 4 derniers trimestres. <br \/>Si l&rsquo;on met en parall\u00e8le ces chiffres avec ceux un an plus t\u00f4t, on rel\u00e8ve que les loyers ont \u00e9volu\u00e9 pour cette commune. La tendance est \u00e0 la hausse, avec +4%. <br \/>Montants m\u00e9dians*, charges non incluses, des divers types de locations \u00e0 Toulon (donn\u00e9es bas\u00e9es sur les 4 derniers trimestres) :<\/p>\n<ul>\n<li> Appartement T1 : 15 \u20ac\/m\u00b2 <\/li>\n<li> Appartement T2 : 14 \u20ac\/m\u00b2 <\/li>\n<li> Appartement T3 et + : 11 \u20ac\/m\u00b2 <\/li>\n<\/ul>\n<p> Voici la progression du prix des loyers en se basant sur une p\u00e9riode \u00e9quivalente de 4 trimestres un an auparavant : +1,4% pour les locations T1, +4,4% pour les T2 et +4,8% pour les logements de type T3 et +. Si l&rsquo;on consid\u00e8re une p\u00e9riode de 5 ans, voil\u00e0 l&rsquo;\u00e9volution des loyers en fonction des types de locations : T1 +8%, T2 +8,5% et T3 et +, +10,9%.<\/p>\n<p> * Quand on se r\u00e9f\u00e8re \u00e0 le loyer m\u00e9dian, cela signifie que la moiti\u00e9 des logements affiche un loyer inf\u00e9rieur \u00e0 cette valeur, et l&rsquo;autre moiti\u00e9, un loyer sup\u00e9rieur. Cet indicateur est plus repr\u00e9sentatif de l&rsquo;\u00e9tat du march\u00e9 qu&rsquo;une moyenne car il est moins impact\u00e9 par les valeurs extr\u00eames.<\/p>\n<p><a href=\"https:\/\/www.capital.fr\/page\/estimation-immobiliere\" target=\"_blank\" rel=\"noopener\"> &gt; &gt; Notre service &#8211; Estimez le prix de votre bien avec notre simulateur immobilier<\/a><\/p>\n<p> Pourquoi vivre ou investir \u00e0 Toulon ?<\/p>\n<p>Au nombre des informations utiles sur Toulon, on note une population officielle de 176.198 habitants pour un territoire total de 43 km\u00b2. Situ\u00e9e dans la r\u00e9gion Provence-Alpes-C\u00f4te d&rsquo;Azur, elle est localis\u00e9e dans le d\u00e9partement du Var. <br \/>La ville de Toulon ne manque pas d&rsquo;atouts. Parmi les \u00e9quipements de la ville recens\u00e9s par l&rsquo;Insee, c\u00f4t\u00e9 culture, elle compte un th\u00e9\u00e2tre et 2 cin\u00e9mas. Du c\u00f4t\u00e9 des \u00e9quipements sportifs, on trouve 7 piscines, 11 gymnases et 21 stades. Pour les pauses shopping et les courses, il y a 2.240 commerces. Comptant 26 espaces verts, la commune propose aux habitants, des \u00e9tudiants aux retrait\u00e9s en passant par les familles, des lieux calmes et agr\u00e9ables. <\/p>\n<p>Retrouvez \u00e9galement sur <a href=\"https:\/\/www.capital.fr\/\" target=\"_blank\" rel=\"noopener\">Capital<\/a> les prix de l&rsquo;immobilier \u00e0 <a href=\"https:\/\/www.capital.fr\/immobilier\/prix-de-l-immobilier-a-frejus-les-indices-a-l-achat-et-a-la-location-du-mois-1\" target=\"_blank\" rel=\"noopener\">Fr\u00e9jus<\/a>, <a href=\"https:\/\/www.capital.fr\/immobilier\/prix-de-l-immobilier-a-la-seyne-sur-mer-les-indices-a-l-achat-et-a-la-location-du-mois-1\" target=\"_blank\" rel=\"noopener\">La Seyne-sur-Mer<\/a>, <a href=\"https:\/\/www.capital.fr\/immobilier\/prix-de-l-immobilier-a-avignon-les-indices-a-l-achat-et-a-la-location-du-mois-1\" target=\"_blank\" rel=\"noopener\">Avignon<\/a>, <a href=\"https:\/\/www.capital.fr\/immobilier\/prix-de-l-immobilier-a-saint-raphael-les-indices-a-l-achat-et-a-la-location-du-mois-1\" target=\"_blank\" rel=\"noopener\">Saint-Rapha\u00ebl<\/a> et <a href=\"https:\/\/www.capital.fr\/immobilier\/prix-de-l-immobilier-a-six-fours-les-plages-les-indices-a-l-achat-et-a-la-location-du-mois-1\" target=\"_blank\" rel=\"noopener\">Six-Fours-les-Plages<\/a>.<\/p>\n<\/p>\n<p>        Recevez nos derni\u00e8res news<\/p>\n<p>        Chaque semaine votre rendez-vous avec <b>l&rsquo;actualit\u00e9 immobili\u00e8re<\/b>.<\/p>\n","protected":false},"excerpt":{"rendered":"Informations sur la qualit\u00e9 de vie \u00e0 Toulon et les indices de prix \u00e0 la vente et \u00e0&hellip;\n","protected":false},"author":2,"featured_media":250348,"comment_status":"","ping_status":"","sticky":false,"template":"","format":"standard","meta":{"footnotes":""},"categories":[9619],"tags":[1111,11,1777,674,1011,27,12,5188,882,25,2310],"class_list":{"0":"post-250347","1":"post","2":"type-post","3":"status-publish","4":"format-standard","5":"has-post-thumbnail","7":"category-toulon","8":"tag-actu","9":"tag-actualites","10":"tag-eu","11":"tag-europe","12":"tag-fr","13":"tag-france","14":"tag-news","15":"tag-prix-immobilier","16":"tag-provence-alpes-cote-dazur","17":"tag-republique-francaise","18":"tag-toulon"},"share_on_mastodon":{"url":"https:\/\/pubeurope.com\/@fr\/114854135245822943","error":""},"_links":{"self":[{"href":"https:\/\/www.europesays.com\/fr\/wp-json\/wp\/v2\/posts\/250347","targetHints":{"allow":["GET"]}}],"collection":[{"href":"https:\/\/www.europesays.com\/fr\/wp-json\/wp\/v2\/posts"}],"about":[{"href":"https:\/\/www.europesays.com\/fr\/wp-json\/wp\/v2\/types\/post"}],"author":[{"embeddable":true,"href":"https:\/\/www.europesays.com\/fr\/wp-json\/wp\/v2\/users\/2"}],"replies":[{"embeddable":true,"href":"https:\/\/www.europesays.com\/fr\/wp-json\/wp\/v2\/comments?post=250347"}],"version-history":[{"count":0,"href":"https:\/\/www.europesays.com\/fr\/wp-json\/wp\/v2\/posts\/250347\/revisions"}],"wp:featuredmedia":[{"embeddable":true,"href":"https:\/\/www.europesays.com\/fr\/wp-json\/wp\/v2\/media\/250348"}],"wp:attachment":[{"href":"https:\/\/www.europesays.com\/fr\/wp-json\/wp\/v2\/media?parent=250347"}],"wp:term":[{"taxonomy":"category","embeddable":true,"href":"https:\/\/www.europesays.com\/fr\/wp-json\/wp\/v2\/categories?post=250347"},{"taxonomy":"post_tag","embeddable":true,"href":"https:\/\/www.europesays.com\/fr\/wp-json\/wp\/v2\/tags?post=250347"}],"curies":[{"name":"wp","href":"https:\/\/api.w.org\/{rel}","templated":true}]}}