{"id":250353,"date":"2025-07-14T23:25:10","date_gmt":"2025-07-14T23:25:10","guid":{"rendered":"https:\/\/www.europesays.com\/fr\/250353\/"},"modified":"2025-07-14T23:25:10","modified_gmt":"2025-07-14T23:25:10","slug":"previsions-du-mardi-15-juillet-2025","status":"publish","type":"post","link":"https:\/\/www.europesays.com\/fr\/250353\/","title":{"rendered":"pr\u00e9visions du mardi 15 juillet 2025"},"content":{"rendered":"<p>Des \u00e9claircies sont pr\u00e9vues \u00e0 Rennes : on passera une journ\u00e9e cl\u00e9mente. Les valeurs s&rsquo;\u00e9chelonneront entre 11 et 27\u00b0C. La ville sera touch\u00e9e par un vent de sud-ouest de 21 km\/h. Le matin, le mercure affichera 20\u00b0C en moyenne. Les temp\u00e9ratures vont conna\u00eetre une hausse de plusieurs degr\u00e9s lors de l&rsquo;apr\u00e8s-midi. Les valeurs afficheront entre 26 et 27\u00b0C. On annonce des \u00e9claircies pour cette soir\u00e9e. On s&rsquo;attend \u00e0 une nuit claire entre mardi et mercredi.<\/p>\n<p>Encore de la grisaille demain. Les nuages vont stationner sur Rennes. La m\u00e9t\u00e9o va se r\u00e9chauffer avec une augmentation de quelques degr\u00e9s. Les valeurs seront comprises entre 16 et 25\u00b0C. Les nuages en pr\u00e9vision le matin, et un ciel encore maussade. Un vent d&rsquo;ouest soufflera l\u00e9g\u00e8rement. On notera la pr\u00e9sence persistante de nuages demain apr\u00e8s-midi. En revanche, c&rsquo;est une hausse de quelques degr\u00e9s que vont enregistrer les temp\u00e9ratures. Ces valeurs iront de 21 \u00e0 25\u00b0C. La soir\u00e9e va rester couverte \u00e0 cause de l\u00e9gers nuages qui persistent dans le ciel. Une l\u00e9g\u00e8re brise de nord sera ressentie par les habitants.<\/p>\n<p>La m\u00e9t\u00e9o sera ensoleill\u00e9e jeudi mais elle conna\u00eetra une d\u00e9gradation vendredi.<\/p>\n<p><\/p>\n","protected":false},"excerpt":{"rendered":"Des \u00e9claircies sont pr\u00e9vues \u00e0 Rennes : on passera une journ\u00e9e cl\u00e9mente. Les valeurs s&rsquo;\u00e9chelonneront entre 11 et&hellip;\n","protected":false},"author":2,"featured_media":250354,"comment_status":"","ping_status":"","sticky":false,"template":"","format":"standard","meta":{"footnotes":""},"categories":[2821],"tags":[1111,11,829,1777,674,1011,27,848,12,2119,584,25],"class_list":{"0":"post-250353","1":"post","2":"type-post","3":"status-publish","4":"format-standard","5":"has-post-thumbnail","7":"category-rennes","8":"tag-actu","9":"tag-actualites","10":"tag-bretagne","11":"tag-eu","12":"tag-europe","13":"tag-fr","14":"tag-france","15":"tag-ille-et-vilaine","16":"tag-news","17":"tag-previsions-meteo","18":"tag-rennes","19":"tag-republique-francaise"},"share_on_mastodon":{"url":"https:\/\/pubeurope.com\/@fr\/114854174574758826","error":""},"_links":{"self":[{"href":"https:\/\/www.europesays.com\/fr\/wp-json\/wp\/v2\/posts\/250353","targetHints":{"allow":["GET"]}}],"collection":[{"href":"https:\/\/www.europesays.com\/fr\/wp-json\/wp\/v2\/posts"}],"about":[{"href":"https:\/\/www.europesays.com\/fr\/wp-json\/wp\/v2\/types\/post"}],"author":[{"embeddable":true,"href":"https:\/\/www.europesays.com\/fr\/wp-json\/wp\/v2\/users\/2"}],"replies":[{"embeddable":true,"href":"https:\/\/www.europesays.com\/fr\/wp-json\/wp\/v2\/comments?post=250353"}],"version-history":[{"count":0,"href":"https:\/\/www.europesays.com\/fr\/wp-json\/wp\/v2\/posts\/250353\/revisions"}],"wp:featuredmedia":[{"embeddable":true,"href":"https:\/\/www.europesays.com\/fr\/wp-json\/wp\/v2\/media\/250354"}],"wp:attachment":[{"href":"https:\/\/www.europesays.com\/fr\/wp-json\/wp\/v2\/media?parent=250353"}],"wp:term":[{"taxonomy":"category","embeddable":true,"href":"https:\/\/www.europesays.com\/fr\/wp-json\/wp\/v2\/categories?post=250353"},{"taxonomy":"post_tag","embeddable":true,"href":"https:\/\/www.europesays.com\/fr\/wp-json\/wp\/v2\/tags?post=250353"}],"curies":[{"name":"wp","href":"https:\/\/api.w.org\/{rel}","templated":true}]}}