{"id":250355,"date":"2025-07-14T23:26:10","date_gmt":"2025-07-14T23:26:10","guid":{"rendered":"https:\/\/www.europesays.com\/fr\/250355\/"},"modified":"2025-07-14T23:26:10","modified_gmt":"2025-07-14T23:26:10","slug":"previsions-du-mardi-15-juillet-2025-2","status":"publish","type":"post","link":"https:\/\/www.europesays.com\/fr\/250355\/","title":{"rendered":"pr\u00e9visions du mardi 15 juillet 2025"},"content":{"rendered":"<p>\u00c0 Strasbourg, le temps va peu \u00e0 peu s&rsquo;am\u00e9liorer dans la journ\u00e9e et laisser place \u00e0 des \u00e9claircies. Le mercure affichera 23\u00b0C en moyenne. Un l\u00e9ger vent d&rsquo;ouest soufflera. Les valeurs tourneront autour des 24\u00b0C au cours de la matin\u00e9e. Les temp\u00e9ratures seront de 27\u00b0C au plus bas et de 28\u00b0C au plus haut l&rsquo;apr\u00e8s-midi. Pendant que vous dormirez, dans la nuit de mardi \u00e0 mercredi, le ciel sera clair.<\/p>\n<p>Le soleil appara\u00eet l\u00e9g\u00e8rement demain. Ces \u00e9claircies devraient faire plaisir aux habitants de Strasbourg. Une chute des temp\u00e9ratures est attendue. Les valeurs afficheront entre 17 et 24\u00b0C. Une l\u00e9g\u00e8re brise d&rsquo;ouest sera ressentie par les habitants. Les temp\u00e9ratures s&rsquo;\u00e9chelonneront de 22 \u00e0 24\u00b0C sur l&rsquo;ensemble de l&rsquo;apr\u00e8s-midi.<\/p>\n<p>Les jours s&rsquo;encha\u00eenent et ne changent pas. Il fera 29\u00b0C en moyenne pour des journ\u00e9es avec une m\u00e9t\u00e9o ensoleill\u00e9e.<\/p>\n<p><\/p>\n","protected":false},"excerpt":{"rendered":"\u00c0 Strasbourg, le temps va peu \u00e0 peu s&rsquo;am\u00e9liorer dans la journ\u00e9e et laisser place \u00e0 des \u00e9claircies.&hellip;\n","protected":false},"author":2,"featured_media":250356,"comment_status":"","ping_status":"","sticky":false,"template":"","format":"standard","meta":{"footnotes":""},"categories":[2820],"tags":[1111,11,2389,2649,1777,674,1011,27,775,12,2119,25,640],"class_list":{"0":"post-250355","1":"post","2":"type-post","3":"status-publish","4":"format-standard","5":"has-post-thumbnail","7":"category-strasbourg","8":"tag-actu","9":"tag-actualites","10":"tag-alsace","11":"tag-bas-rhin","12":"tag-eu","13":"tag-europe","14":"tag-fr","15":"tag-france","16":"tag-grand-est","17":"tag-news","18":"tag-previsions-meteo","19":"tag-republique-francaise","20":"tag-strasbourg"},"share_on_mastodon":{"url":"https:\/\/pubeurope.com\/@fr\/114854178596644432","error":""},"_links":{"self":[{"href":"https:\/\/www.europesays.com\/fr\/wp-json\/wp\/v2\/posts\/250355","targetHints":{"allow":["GET"]}}],"collection":[{"href":"https:\/\/www.europesays.com\/fr\/wp-json\/wp\/v2\/posts"}],"about":[{"href":"https:\/\/www.europesays.com\/fr\/wp-json\/wp\/v2\/types\/post"}],"author":[{"embeddable":true,"href":"https:\/\/www.europesays.com\/fr\/wp-json\/wp\/v2\/users\/2"}],"replies":[{"embeddable":true,"href":"https:\/\/www.europesays.com\/fr\/wp-json\/wp\/v2\/comments?post=250355"}],"version-history":[{"count":0,"href":"https:\/\/www.europesays.com\/fr\/wp-json\/wp\/v2\/posts\/250355\/revisions"}],"wp:featuredmedia":[{"embeddable":true,"href":"https:\/\/www.europesays.com\/fr\/wp-json\/wp\/v2\/media\/250356"}],"wp:attachment":[{"href":"https:\/\/www.europesays.com\/fr\/wp-json\/wp\/v2\/media?parent=250355"}],"wp:term":[{"taxonomy":"category","embeddable":true,"href":"https:\/\/www.europesays.com\/fr\/wp-json\/wp\/v2\/categories?post=250355"},{"taxonomy":"post_tag","embeddable":true,"href":"https:\/\/www.europesays.com\/fr\/wp-json\/wp\/v2\/tags?post=250355"}],"curies":[{"name":"wp","href":"https:\/\/api.w.org\/{rel}","templated":true}]}}