{"id":250359,"date":"2025-07-14T23:28:09","date_gmt":"2025-07-14T23:28:09","guid":{"rendered":"https:\/\/www.europesays.com\/fr\/250359\/"},"modified":"2025-07-14T23:28:09","modified_gmt":"2025-07-14T23:28:09","slug":"previsions-du-mardi-15-juillet-2025-3","status":"publish","type":"post","link":"https:\/\/www.europesays.com\/fr\/250359\/","title":{"rendered":"pr\u00e9visions du mardi 15 juillet 2025"},"content":{"rendered":"<p>Nice aura le plaisir de pouvoir profiter d&rsquo;une superbe journ\u00e9e ensoleill\u00e9e. Les temp\u00e9ratures afficheront entre 21 et 26\u00b0C. Les valeurs seront comprises entre 23 et 26\u00b0C le matin. Un l\u00e9ger vent de sud-est sera ressenti par les habitants. Les temp\u00e9ratures iront de 25 \u00e0 26\u00b0C sur l&rsquo;ensemble de l&rsquo;apr\u00e8s-midi. Les valeurs seront de 23\u00b0C au plus bas et de 24\u00b0C au maximum la soir\u00e9e. Un ciel d\u00e9pourvu de nuages est attendu dans la nuit entre mardi et mercredi.<\/p>\n<p>Un bel ensoleillement est attendu demain \u00e0 Nice. Le temps va se r\u00e9chauffer avec une augmentation de quelques degr\u00e9s. Les temp\u00e9ratures s&rsquo;\u00e9chelonneront entre 22 et 28\u00b0C. Un vent de sud rafra\u00eechira quelque peu l&rsquo;atmosph\u00e8re. Les maximales atteindront les 27\u00b0C dans la matin\u00e9e alors que les minimales seront de 24\u00b0C. Les valeurs afficheront entre 26\u00b0C et 28\u00b0C dans l&rsquo;apr\u00e8s-midi. Les temp\u00e9ratures seront de 25\u00b0C au minimum et de 26\u00b0C au plus haut la soir\u00e9e.<\/p>\n<p>Pour les jours \u00e0 venir, la m\u00e9t\u00e9o ne bougera pas. Il fera 27\u00b0C en moyenne pour des journ\u00e9es avec un ciel ensoleill\u00e9.<\/p>\n<p><\/p>\n","protected":false},"excerpt":{"rendered":"Nice aura le plaisir de pouvoir profiter d&rsquo;une superbe journ\u00e9e ensoleill\u00e9e. Les temp\u00e9ratures afficheront entre 21 et 26\u00b0C.&hellip;\n","protected":false},"author":2,"featured_media":250360,"comment_status":"","ping_status":"","sticky":false,"template":"","format":"standard","meta":{"footnotes":""},"categories":[2819],"tags":[1111,11,2898,1777,674,1011,27,12,2401,883,2119,882,25],"class_list":{"0":"post-250359","1":"post","2":"type-post","3":"status-publish","4":"format-standard","5":"has-post-thumbnail","7":"category-nice","8":"tag-actu","9":"tag-actualites","10":"tag-alpes-maritimes","11":"tag-eu","12":"tag-europe","13":"tag-fr","14":"tag-france","15":"tag-news","16":"tag-nice","17":"tag-paca","18":"tag-previsions-meteo","19":"tag-provence-alpes-cote-dazur","20":"tag-republique-francaise"},"share_on_mastodon":{"url":"https:\/\/pubeurope.com\/@fr\/114854186480389613","error":""},"_links":{"self":[{"href":"https:\/\/www.europesays.com\/fr\/wp-json\/wp\/v2\/posts\/250359","targetHints":{"allow":["GET"]}}],"collection":[{"href":"https:\/\/www.europesays.com\/fr\/wp-json\/wp\/v2\/posts"}],"about":[{"href":"https:\/\/www.europesays.com\/fr\/wp-json\/wp\/v2\/types\/post"}],"author":[{"embeddable":true,"href":"https:\/\/www.europesays.com\/fr\/wp-json\/wp\/v2\/users\/2"}],"replies":[{"embeddable":true,"href":"https:\/\/www.europesays.com\/fr\/wp-json\/wp\/v2\/comments?post=250359"}],"version-history":[{"count":0,"href":"https:\/\/www.europesays.com\/fr\/wp-json\/wp\/v2\/posts\/250359\/revisions"}],"wp:featuredmedia":[{"embeddable":true,"href":"https:\/\/www.europesays.com\/fr\/wp-json\/wp\/v2\/media\/250360"}],"wp:attachment":[{"href":"https:\/\/www.europesays.com\/fr\/wp-json\/wp\/v2\/media?parent=250359"}],"wp:term":[{"taxonomy":"category","embeddable":true,"href":"https:\/\/www.europesays.com\/fr\/wp-json\/wp\/v2\/categories?post=250359"},{"taxonomy":"post_tag","embeddable":true,"href":"https:\/\/www.europesays.com\/fr\/wp-json\/wp\/v2\/tags?post=250359"}],"curies":[{"name":"wp","href":"https:\/\/api.w.org\/{rel}","templated":true}]}}