{"id":250368,"date":"2025-07-14T23:35:10","date_gmt":"2025-07-14T23:35:10","guid":{"rendered":"https:\/\/www.europesays.com\/fr\/250368\/"},"modified":"2025-07-14T23:35:10","modified_gmt":"2025-07-14T23:35:10","slug":"previsions-du-mardi-15-juillet-2025-4","status":"publish","type":"post","link":"https:\/\/www.europesays.com\/fr\/250368\/","title":{"rendered":"pr\u00e9visions du mardi 15 juillet 2025"},"content":{"rendered":"<p>Aujourd&rsquo;hui, le mercure affichera 24\u00b0C en moyenne \u00e0 Toulouse. Un vent de nord-ouest soufflera un peu, avec 15 km\/h. Il y aura de petits nuages avant que le soleil ne puisse faire son apparition durant la matin\u00e9e. Le soleil appara\u00eet l\u00e9g\u00e8rement l&rsquo;apr\u00e8s-midi. Ces \u00e9claircies devraient ravir les habitants. C&rsquo;est une hausse de plusieurs degr\u00e9s que vont conna\u00eetre les temp\u00e9ratures. Les maximales pourront atteindre 29\u00b0C tandis que les minimales seront de 25\u00b0C. On pr\u00e9voit une nuit claire entre mardi et mercredi.<\/p>\n<p>C&rsquo;est un soleil splendide qui va briller demain sur Toulouse. Les temp\u00e9ratures \u00e9volueront entre 15 et 32\u2009\u00b0C. Les valeurs seront comprises entre 15 et 32\u00b0C. Un vent de nord-ouest rafra\u00eechira sensiblement l&rsquo;atmosph\u00e8re. Les temp\u00e9ratures vont enregistrer une augmentation de plusieurs degr\u00e9s lors de l&rsquo;apr\u00e8s-midi. Attention \u00e0 la vague de chaud. Des temp\u00e9ratures de 28 \u00e0 32\u00b0C sont attendues. Les importantes chaleurs sont install\u00e9es. Avec des valeurs comprises entre 25 et 30\u00b0C. Dans la soir\u00e9e, les temp\u00e9ratures seront de 27\u00b0C.<\/p>\n<p>Les jours passent et ne changent pas. Une m\u00e9t\u00e9o ensoleill\u00e9e, avec des temp\u00e9ratures de 34\u00b0C environ, est \u00e0 pr\u00e9voir.<\/p>\n<p><\/p>\n","protected":false},"excerpt":{"rendered":"Aujourd&rsquo;hui, le mercure affichera 24\u00b0C en moyenne \u00e0 Toulouse. Un vent de nord-ouest soufflera un peu, avec 15&hellip;\n","protected":false},"author":2,"featured_media":250369,"comment_status":"","ping_status":"","sticky":false,"template":"","format":"standard","meta":{"footnotes":""},"categories":[2816],"tags":[1111,11,1777,674,1011,27,2722,2721,12,2680,2119,25,2312],"class_list":{"0":"post-250368","1":"post","2":"type-post","3":"status-publish","4":"format-standard","5":"has-post-thumbnail","7":"category-toulouse","8":"tag-actu","9":"tag-actualites","10":"tag-eu","11":"tag-europe","12":"tag-fr","13":"tag-france","14":"tag-haute-garonne","15":"tag-midi-pyrenees","16":"tag-news","17":"tag-occitanie","18":"tag-previsions-meteo","19":"tag-republique-francaise","20":"tag-toulouse"},"share_on_mastodon":{"url":"https:\/\/pubeurope.com\/@fr\/114854213881491289","error":""},"_links":{"self":[{"href":"https:\/\/www.europesays.com\/fr\/wp-json\/wp\/v2\/posts\/250368","targetHints":{"allow":["GET"]}}],"collection":[{"href":"https:\/\/www.europesays.com\/fr\/wp-json\/wp\/v2\/posts"}],"about":[{"href":"https:\/\/www.europesays.com\/fr\/wp-json\/wp\/v2\/types\/post"}],"author":[{"embeddable":true,"href":"https:\/\/www.europesays.com\/fr\/wp-json\/wp\/v2\/users\/2"}],"replies":[{"embeddable":true,"href":"https:\/\/www.europesays.com\/fr\/wp-json\/wp\/v2\/comments?post=250368"}],"version-history":[{"count":0,"href":"https:\/\/www.europesays.com\/fr\/wp-json\/wp\/v2\/posts\/250368\/revisions"}],"wp:featuredmedia":[{"embeddable":true,"href":"https:\/\/www.europesays.com\/fr\/wp-json\/wp\/v2\/media\/250369"}],"wp:attachment":[{"href":"https:\/\/www.europesays.com\/fr\/wp-json\/wp\/v2\/media?parent=250368"}],"wp:term":[{"taxonomy":"category","embeddable":true,"href":"https:\/\/www.europesays.com\/fr\/wp-json\/wp\/v2\/categories?post=250368"},{"taxonomy":"post_tag","embeddable":true,"href":"https:\/\/www.europesays.com\/fr\/wp-json\/wp\/v2\/tags?post=250368"}],"curies":[{"name":"wp","href":"https:\/\/api.w.org\/{rel}","templated":true}]}}