{"id":250370,"date":"2025-07-14T23:36:13","date_gmt":"2025-07-14T23:36:13","guid":{"rendered":"https:\/\/www.europesays.com\/fr\/250370\/"},"modified":"2025-07-14T23:36:13","modified_gmt":"2025-07-14T23:36:13","slug":"previsions-du-mardi-15-juillet-2025-5","status":"publish","type":"post","link":"https:\/\/www.europesays.com\/fr\/250370\/","title":{"rendered":"pr\u00e9visions du mardi 15 juillet 2025"},"content":{"rendered":"<p>Il fera 19\u00b0C en moyenne \u00e0 Lille aujourd&rsquo;hui. La ville sera touch\u00e9e par un vent de sud-ouest de 22 km\/h. Un beau soleil est pr\u00e9vu le matin. Les valeurs avoisineront les 20\u00b0C. Apr\u00e8s un bref \u00e9pisode nuageux, on annonce des \u00e9claircies pour cet apr\u00e8s-midi. Les maximales pourront atteindre 24\u00b0C alors que les minimales seront de 22\u00b0C. Entre mardi et mercredi, la nuit sera claire.<\/p>\n<p>\u00c0 Lille les temp\u00e9ratures s&rsquo;\u00e9chelonneront entre 15 et 22\u00b0C demain. Un vent de nord-ouest est attendu : il soufflera \u00e0 22 km\/h. Le matin, le soleil sera dissimul\u00e9 derri\u00e8re des nuages. Des pluies \u00e9parses sont pr\u00e9vues. Des \u00e9claircies sont attendues : on passera un apr\u00e8s-midi agr\u00e9able. Les valeurs seront comprises entre 20\u00b0C et 22\u00b0C. Dans la soir\u00e9e, les temp\u00e9ratures avoisineront les 19\u00b0C.<\/p>\n<p>Les jours suivants s&rsquo;annoncent similaires. Il va faire un temps plut\u00f4t ensoleill\u00e9 avec des temp\u00e9ratures avoisinant 28\u00b0C.<\/p>\n<p><\/p>\n","protected":false},"excerpt":{"rendered":"Il fera 19\u00b0C en moyenne \u00e0 Lille aujourd&rsquo;hui. La ville sera touch\u00e9e par un vent de sud-ouest de&hellip;\n","protected":false},"author":2,"featured_media":250371,"comment_status":"","ping_status":"","sticky":false,"template":"","format":"standard","meta":{"footnotes":""},"categories":[2815],"tags":[1111,11,1777,674,1011,27,811,1307,12,1308,1309,2119,25],"class_list":{"0":"post-250370","1":"post","2":"type-post","3":"status-publish","4":"format-standard","5":"has-post-thumbnail","7":"category-lille","8":"tag-actu","9":"tag-actualites","10":"tag-eu","11":"tag-europe","12":"tag-fr","13":"tag-france","14":"tag-hauts-de-france","15":"tag-lille","16":"tag-news","17":"tag-nord","18":"tag-nord-pas-de-calais","19":"tag-previsions-meteo","20":"tag-republique-francaise"},"share_on_mastodon":{"url":"https:\/\/pubeurope.com\/@fr\/114854217802866658","error":""},"_links":{"self":[{"href":"https:\/\/www.europesays.com\/fr\/wp-json\/wp\/v2\/posts\/250370","targetHints":{"allow":["GET"]}}],"collection":[{"href":"https:\/\/www.europesays.com\/fr\/wp-json\/wp\/v2\/posts"}],"about":[{"href":"https:\/\/www.europesays.com\/fr\/wp-json\/wp\/v2\/types\/post"}],"author":[{"embeddable":true,"href":"https:\/\/www.europesays.com\/fr\/wp-json\/wp\/v2\/users\/2"}],"replies":[{"embeddable":true,"href":"https:\/\/www.europesays.com\/fr\/wp-json\/wp\/v2\/comments?post=250370"}],"version-history":[{"count":0,"href":"https:\/\/www.europesays.com\/fr\/wp-json\/wp\/v2\/posts\/250370\/revisions"}],"wp:featuredmedia":[{"embeddable":true,"href":"https:\/\/www.europesays.com\/fr\/wp-json\/wp\/v2\/media\/250371"}],"wp:attachment":[{"href":"https:\/\/www.europesays.com\/fr\/wp-json\/wp\/v2\/media?parent=250370"}],"wp:term":[{"taxonomy":"category","embeddable":true,"href":"https:\/\/www.europesays.com\/fr\/wp-json\/wp\/v2\/categories?post=250370"},{"taxonomy":"post_tag","embeddable":true,"href":"https:\/\/www.europesays.com\/fr\/wp-json\/wp\/v2\/tags?post=250370"}],"curies":[{"name":"wp","href":"https:\/\/api.w.org\/{rel}","templated":true}]}}