{"id":250375,"date":"2025-07-14T23:41:12","date_gmt":"2025-07-14T23:41:12","guid":{"rendered":"https:\/\/www.europesays.com\/fr\/250375\/"},"modified":"2025-07-14T23:41:12","modified_gmt":"2025-07-14T23:41:12","slug":"marseille-avait-un-avant-gout-des-france","status":"publish","type":"post","link":"https:\/\/www.europesays.com\/fr\/250375\/","title":{"rendered":"Marseille avait un avant-go\u00fbt des \u00ab France \u00bb"},"content":{"rendered":"\n<p>Il est venu, il a vu, il a vaincu. Flavien Szot a \u00e9t\u00e9 l\u2019homme de la soir\u00e9e du meeting international de Marseille.<\/p>\n<p>Sur le tartan du stade Delort, celui qui vient d\u2019int\u00e9grer l\u2019INSEP a domin\u00e9 de la t\u00eate et des \u00e9paules un 300\u00a0m\u00e8tres parti sur des bases rapides. \u00c0 l\u2019arriv\u00e9e, il s\u2019offre la victoire, et bat le record marseillais, en 7\u201941\u2019\u201963. Il faisait malgr\u00e9 tout la moue, \u00ab\u00a0car je visais les 7\u201940\u2019\u2019\u00a0\u00bb. Mais il reconna\u00eet qu\u2019en ayant les minima pour le mondial en poche, \u00ab\u00a0je vais pouvoir tout donner \u00e0 Talence pour aller chercher le podium\u00a0\u00bb.<\/p>\n<p>Car ce sont les championnats de France qui d\u00e9termineront les trois tricolores qui iront \u00e0 Tokyo. Ils sont sept \u00e0 y croire.<\/p>\n<p>Son compatriote Yanis Meziane aura le m\u00eame objectif, sur le 800\u00a0m\u00e8tres. \u00c0 Marseille dimanche, il a montr\u00e9 qu\u2019il continuait de progresser. \u00ab\u00a0L\u2019an dernier, je termine troisi\u00e8me, ce soir, je suis deuxi\u00e8me&#8230;\u00a0\u00bb note-t-il. Il a longtemps cru pouvoir finir en premi\u00e8re position. \u00ab\u00a0Ma course \u00e9tait presque parfaite, mais la derni\u00e8re ligne droite et le vent de face m\u2019ont \u00e9t\u00e9 fatals\u00a0\u00bb regrette-t-il.<\/p>\n<p>Il termine \u00e0 treize centi\u00e8mes du vainqueur, le Marocain Moad Zahafi. \u00ab\u00a0J\u2019ai maintenant une revanche \u00e0 prendre, ce sera \u00e0 Talence\u00a0\u00bb promet-il. Et peut-\u00eatre \u00e0 Marseille l\u2019ann\u00e9e prochaine.<\/p>\n<p>Les autres disciplines du plateau ont r\u00e9serv\u00e9 de belles empoignades. Dans les courses, avec notamment la Kenyane Mercy Oketch, qui fait tomber le record du 400\u00a0m\u00e8tres f\u00e9minin sous la barre des 51\u2019\u2019. Alors que la premi\u00e8re perf de la soir\u00e9e a \u00e9t\u00e9 r\u00e9ussie par Ismail Abakar sur 400 haies, avec un temps de 48\u2019\u201949 qui \u00e9gale le record de l\u2019\u00e9preuve marseillaise.<\/p>\n<p>R\u00e9sultats complets sur www.athle.fr<\/p>\n","protected":false},"excerpt":{"rendered":"Il est venu, il a vu, il a vaincu. Flavien Szot a \u00e9t\u00e9 l\u2019homme de la soir\u00e9e du&hellip;\n","protected":false},"author":2,"featured_media":250376,"comment_status":"","ping_status":"","sticky":false,"template":"","format":"standard","meta":{"footnotes":""},"categories":[2814],"tags":[1111,11,1777,674,1011,27,884,3918,12,882,25],"class_list":{"0":"post-250375","1":"post","2":"type-post","3":"status-publish","4":"format-standard","5":"has-post-thumbnail","7":"category-marseille","8":"tag-actu","9":"tag-actualites","10":"tag-eu","11":"tag-europe","12":"tag-fr","13":"tag-france","14":"tag-marseille","15":"tag-meeting","16":"tag-news","17":"tag-provence-alpes-cote-dazur","18":"tag-republique-francaise"},"share_on_mastodon":{"url":"https:\/\/pubeurope.com\/@fr\/114854237506677652","error":""},"_links":{"self":[{"href":"https:\/\/www.europesays.com\/fr\/wp-json\/wp\/v2\/posts\/250375","targetHints":{"allow":["GET"]}}],"collection":[{"href":"https:\/\/www.europesays.com\/fr\/wp-json\/wp\/v2\/posts"}],"about":[{"href":"https:\/\/www.europesays.com\/fr\/wp-json\/wp\/v2\/types\/post"}],"author":[{"embeddable":true,"href":"https:\/\/www.europesays.com\/fr\/wp-json\/wp\/v2\/users\/2"}],"replies":[{"embeddable":true,"href":"https:\/\/www.europesays.com\/fr\/wp-json\/wp\/v2\/comments?post=250375"}],"version-history":[{"count":0,"href":"https:\/\/www.europesays.com\/fr\/wp-json\/wp\/v2\/posts\/250375\/revisions"}],"wp:featuredmedia":[{"embeddable":true,"href":"https:\/\/www.europesays.com\/fr\/wp-json\/wp\/v2\/media\/250376"}],"wp:attachment":[{"href":"https:\/\/www.europesays.com\/fr\/wp-json\/wp\/v2\/media?parent=250375"}],"wp:term":[{"taxonomy":"category","embeddable":true,"href":"https:\/\/www.europesays.com\/fr\/wp-json\/wp\/v2\/categories?post=250375"},{"taxonomy":"post_tag","embeddable":true,"href":"https:\/\/www.europesays.com\/fr\/wp-json\/wp\/v2\/tags?post=250375"}],"curies":[{"name":"wp","href":"https:\/\/api.w.org\/{rel}","templated":true}]}}