{"id":250379,"date":"2025-07-14T23:43:08","date_gmt":"2025-07-14T23:43:08","guid":{"rendered":"https:\/\/www.europesays.com\/fr\/250379\/"},"modified":"2025-07-14T23:43:08","modified_gmt":"2025-07-14T23:43:08","slug":"evasion-dun-prisonnier-dans-un-sac-pres-de-lyon-son-codetenu-soupconne-de-complicite-arrete-a-marseille","status":"publish","type":"post","link":"https:\/\/www.europesays.com\/fr\/250379\/","title":{"rendered":"\u00c9vasion d\u2019un prisonnier dans un sac pr\u00e8s de Lyon\u00a0: son cod\u00e9tenu soup\u00e7onn\u00e9 de complicit\u00e9 arr\u00eat\u00e9 \u00e0 Marseille"},"content":{"rendered":"<p class=\"paragraph text_align_left lp-f-body-02\">Sa trace aura vite \u00e9t\u00e9 retrouv\u00e9e. Le cod\u00e9tenu soup\u00e7onn\u00e9 d\u2019avoir permis ce vendredi <a href=\"https:\/\/www.leparisien.fr\/faits-divers\/sac-chariot-roulant-criminalite-organisee-la-traque-du-joker-le-dangereux-evade-de-corbas-continue-13-07-2025-C57ZY7N5RBAAVJB3YHPTT4Y6CA.php\" target=\"_self\" rel=\"nofollow noopener\">l\u2019\u00e9vasion d\u2019Elyazid A.<\/a>, prisonnier de 20 ans de la maison d\u2019arr\u00eat de Corbas, pr\u00e8s de Lyon, a \u00e9t\u00e9 interpell\u00e9 ce soir aux alentours de 22 heures \u00e0 Marseille, selon le parquet.<\/p>\n<p class=\"paragraph text_align_left lp-f-body-02\">Le complice suppos\u00e9, qui a \u00e9t\u00e9 plac\u00e9 en garde \u00e0 vue, sera ramen\u00e9 \u00e0 Lyon mardi dans la journ\u00e9e, indique encore le parquet.<\/p>\n<p class=\"paragraph text_align_left lp-f-body-02\">Vendredi, le fugitif, li\u00e9 au crime organis\u00e9 \u00e0 Lyon, avait profit\u00e9 de la lib\u00e9ration de son cod\u00e9tenu lib\u00e9rable <a href=\"https:\/\/www.leparisien.fr\/faits-divers\/sac-chariot-roulant-criminalite-organisee-la-traque-du-joker-le-dangereux-evade-de-corbas-continue-13-07-2025-C57ZY7N5RBAAVJB3YHPTT4Y6CA.php\" target=\"_self\" rel=\"nofollow noopener\">pour se dissimuler dans son sac et sortir de la prison<\/a>. Il avait \u00e9t\u00e9 <a href=\"https:\/\/www.leparisien.fr\/faits-divers\/evasion-dun-detenu-pres-de-lyon-le-fugitif-vise-par-une-notice-rouge-dinterpol-sa-photo-diffusee-13-07-2025-MMONISNPJRDO3PGA2SJHO2ECPU.php\" target=\"_self\" rel=\"nofollow noopener\">interpell\u00e9 lundi matin<\/a> \u00e0 Sathonay-Camp, dans la m\u00e9tropole lyonnaise<\/p>\n<p>Proche d\u2019un tueur \u00e0 gages pr\u00e9sum\u00e9<\/p>\n<p class=\"paragraph text_align_left lp-f-body-02\">Selon nos informations, Elyazid A. a partag\u00e9 un temps en 2022 une cellule de Lyon-Corbas <a href=\"https:\/\/www.leparisien.fr\/faits-divers\/evasion-cache-dans-le-sac-dun-codetenu-pres-de-lyon-elyazid-a-20-ans-toujours-activement-recherche-13-07-2025-HEXLFLAR4RCM3DP2QXKXDIOJBA.php\" target=\"_self\" rel=\"nofollow noopener\">avec un jeune tueur \u00e0 gages pr\u00e9sum\u00e9<\/a>, soup\u00e7onn\u00e9 d\u2019avoir ex\u00e9cut\u00e9 un contrat \u00e0 Paris \u00e0 l\u2019\u00e2ge de 18 ans. L\u2019administration p\u00e9nitentiaire a lanc\u00e9 une enqu\u00eate interne pour \u00ab faire toute la lumi\u00e8re \u00bb sur les circonstances de cette \u00e9vasion.<\/p>\n<p class=\"lp-card-podcast-highlighting__title  lp-f-subtitle-05\">[2\/4] L\u2019attentat du \u00ab Rainbow Warrior \u00bb : un scandale d\u2019\u00c9tat<\/p>\n<p class=\"lp-card-podcast-highlighting__description lp-f-ui-05\">Crime story raconte chaque semaine les grandes affaires criminelles.<\/p>\n<p><a class=\"lp-card-podcast-highlighting__call-to-action\" data-page-type=\"HP\" data-block-name=\"podcast-highlight\">\u00c9couter<\/a><\/p>\n<p class=\"paragraph text_align_left lp-f-body-02\">Au moment de son \u00e9vasion, constat\u00e9e seulement samedi, il \u00e9tait d\u00e9tenu \u00ab pour meurtre en bande organis\u00e9e et infraction \u00e0 la l\u00e9gislation sur les armes, dans le cadre d\u2019une information judiciaire ouverte \u00e0 la Juridiction interr\u00e9gionale sp\u00e9cialis\u00e9e (JIRS) de Paris \u00bb, ajoute encore le parquet.<\/p>\n<p class=\"paragraph text_align_left lp-f-body-02\">Son interpellation a \u00e9t\u00e9 r\u00e9alis\u00e9e par l\u2019OCLCO (brigade de recherche des fugitifs) et la division de la criminalit\u00e9 organis\u00e9e et sp\u00e9cialis\u00e9e (DCOS) du Rh\u00f4ne, sur la base d\u2019un mandat de recherche \u00e9mis par le parquet pour \u00ab \u00e9vasion en bande organis\u00e9e \u00bb et participation \u00e0 \u00ab une association de malfaiteurs \u00bb, selon la m\u00eame source.<\/p>\n","protected":false},"excerpt":{"rendered":"Sa trace aura vite \u00e9t\u00e9 retrouv\u00e9e. Le cod\u00e9tenu soup\u00e7onn\u00e9 d\u2019avoir permis ce vendredi l\u2019\u00e9vasion d\u2019Elyazid A., prisonnier de&hellip;\n","protected":false},"author":2,"featured_media":245834,"comment_status":"","ping_status":"","sticky":false,"template":"","format":"standard","meta":{"footnotes":""},"categories":[1889],"tags":[1111,11,2430,459,1777,674,118,1011,27,2428,12,25],"class_list":{"0":"post-250379","1":"post","2":"type-post","3":"status-publish","4":"format-standard","5":"has-post-thumbnail","7":"category-lyon","8":"tag-actu","9":"tag-actualites","10":"tag-auvergne-rhone-alpes","11":"tag-departements-horsidfo","12":"tag-eu","13":"tag-europe","14":"tag-faits-divers","15":"tag-fr","16":"tag-france","17":"tag-lyon","18":"tag-news","19":"tag-republique-francaise"},"share_on_mastodon":{"url":"https:\/\/pubeurope.com\/@fr\/114854245380349652","error":""},"_links":{"self":[{"href":"https:\/\/www.europesays.com\/fr\/wp-json\/wp\/v2\/posts\/250379","targetHints":{"allow":["GET"]}}],"collection":[{"href":"https:\/\/www.europesays.com\/fr\/wp-json\/wp\/v2\/posts"}],"about":[{"href":"https:\/\/www.europesays.com\/fr\/wp-json\/wp\/v2\/types\/post"}],"author":[{"embeddable":true,"href":"https:\/\/www.europesays.com\/fr\/wp-json\/wp\/v2\/users\/2"}],"replies":[{"embeddable":true,"href":"https:\/\/www.europesays.com\/fr\/wp-json\/wp\/v2\/comments?post=250379"}],"version-history":[{"count":0,"href":"https:\/\/www.europesays.com\/fr\/wp-json\/wp\/v2\/posts\/250379\/revisions"}],"wp:featuredmedia":[{"embeddable":true,"href":"https:\/\/www.europesays.com\/fr\/wp-json\/wp\/v2\/media\/245834"}],"wp:attachment":[{"href":"https:\/\/www.europesays.com\/fr\/wp-json\/wp\/v2\/media?parent=250379"}],"wp:term":[{"taxonomy":"category","embeddable":true,"href":"https:\/\/www.europesays.com\/fr\/wp-json\/wp\/v2\/categories?post=250379"},{"taxonomy":"post_tag","embeddable":true,"href":"https:\/\/www.europesays.com\/fr\/wp-json\/wp\/v2\/tags?post=250379"}],"curies":[{"name":"wp","href":"https:\/\/api.w.org\/{rel}","templated":true}]}}