{"id":250382,"date":"2025-07-14T23:47:11","date_gmt":"2025-07-14T23:47:11","guid":{"rendered":"https:\/\/www.europesays.com\/fr\/250382\/"},"modified":"2025-07-14T23:47:11","modified_gmt":"2025-07-14T23:47:11","slug":"concert-de-paris-wouah-magnifique-et-somptueux-ce-feu-dartifice-avec-les-drones-cetait-vraiment-reussi-incroyable-spectacle-les-internautes-fascines-par-le-role-des-drones-dans-le-feu-d","status":"publish","type":"post","link":"https:\/\/www.europesays.com\/fr\/250382\/","title":{"rendered":"Concert de Paris &#8211; \u00ab\u00a0Wouah magnifique et somptueux ce feu d&rsquo;artifice avec les drones\u00a0\u00bb, \u00ab\u00a0C&rsquo;\u00e9tait vraiment r\u00e9ussi\u00a0\u00bb, \u00ab\u00a0Incroyable spectacle\u00a0\u00bb : les internautes fascin\u00e9s par le r\u00f4le des drones dans le feu d&rsquo;artifice"},"content":{"rendered":"<p>Comme chaque ann\u00e9e, les spectateurs sur le Champs de Mars comme les t\u00e9l\u00e9spectateurs pr\u00e9sents devant <a data-i13n=\"cpos:1;pos:1\" href=\"https:\/\/fr.news.yahoo.com\/d%C3%A9fil%C3%A9-14-juillet-tf1-france-172800165.html\" data-ylk=\"slk:France 2;cpos:1;pos:1;elm:context_link;itc:0;sec:content-canvas;outcm:mb_qualified_link;_E:mb_qualified_link;ct:story;\" class=\"link  yahoo-link\" target=\"_blank\" rel=\"noopener\">France 2<\/a> sont au rendez-vous pour profiter du c\u00e9l\u00e8bre concert de Paris. Ce lundi 14 juillet, <a data-i13n=\"cpos:2;pos:1\" href=\"https:\/\/fr.news.yahoo.com\/f%C3%AAte-nationale-2025-%C3%A0-paris-204204967.html\" data-ylk=\"slk:jour de la f\u00eate nationale fran\u00e7aise;cpos:2;pos:1;elm:context_link;itc:0;sec:content-canvas;outcm:mb_qualified_link;_E:mb_qualified_link;ct:story;\" class=\"link  yahoo-link\" target=\"_blank\" rel=\"noopener\">jour de la f\u00eate nationale fran\u00e7aise<\/a>, et pour la douzi\u00e8me ann\u00e9e, il avait de nouveau lieu au pied de la Tour Eiffel. La soir\u00e9e, qui a commenc\u00e9 \u00e0 21 heures, \u00e9tait anim\u00e9e par <a data-i13n=\"cpos:3;pos:1\" href=\"https:\/\/fr.news.yahoo.com\/sport\/st%C3%A9phane-bern-%C3%A9puis%C3%A9-quitte-europe-155800361.html\" data-ylk=\"slk:St\u00e9phane Bern;cpos:3;pos:1;elm:context_link;itc:0;sec:content-canvas;outcm:mb_qualified_link;_E:mb_qualified_link;ct:story;\" class=\"link  yahoo-link\" target=\"_blank\" rel=\"noopener\">St\u00e9phane Bern<\/a> qui a introduit l&rsquo;Orchestre national de France et le Ch\u0153ur et la Ma\u00eetrise de Radio France. Ces derniers ont interpr\u00e9t\u00e9 de nombreuses \u0153uvres classiques, en finissant, \u00e9videmment, par l&rsquo;hymne national fran\u00e7ais : La Marseillaise. \u00c0 la fin de celle-ci, le <a data-i13n=\"cpos:4;pos:1\" href=\"https:\/\/fr.news.yahoo.com\/feu-d-artifice-14-juillet-220631798.html\" data-ylk=\"slk:feu d&#039;artifice;cpos:4;pos:1;elm:context_link;itc:0;sec:content-canvas;outcm:mb_qualified_link;_E:mb_qualified_link;ct:story;\" class=\"link  yahoo-link\" target=\"_blank\" rel=\"noopener\">feu d&rsquo;artifice<\/a> a commenc\u00e9.<\/p>\n<p><strong>La minute de St\u00e9phane Bern<\/strong><\/p>\n<p>Un show exceptionnel marqu\u00e9 par les drones<\/p>\n<p>Le spectacle commence avec \u00ab\u00a0La symphonie des \u00e9clairs\u00a0\u00bb de Zaho de Sagazan alors que la Tour Eiffel s&rsquo;illumine petit \u00e0 petit, entour\u00e9e de drones. Ils dessinent ensuite des formes, dont celle d&rsquo;un grand oiseau. Puis, le feu d&rsquo;artifice commence \u00e0 illuminer doucement le ciel de Paris rythm\u00e9e par la chor\u00e9graphie de drones qui forment des lignes dans le ciel.<\/p>\n<p>L&rsquo;accord de Paris, qui a f\u00eat\u00e9 ses dix ans cette ann\u00e9e, est mis \u00e0 l&rsquo;honneur : les drones forment chacune des lettres. Ensuite, la chanson \u00ab\u00a0Somewhere over the rainbow\u00a0\u00bb retentit pendant que la Tour Eiffel s&rsquo;illumine de diff\u00e9rentes couleurs et que les drones forment diff\u00e9rents animaux : poissons, oiseaux ou encore \u00e9l\u00e9phants ! Le ciel devient multicolores gr\u00e2ce au feu d&rsquo;artifice qui explosent dans tous les sens.<\/p>\n<p>Puis, c&rsquo;est au tour du Br\u00e9sil d&rsquo;\u00eatre mis \u00e0 l&rsquo;honneur : la chanson iconique \u00ab\u00a0Samba de Janeiro\u00a0\u00bb r\u00e9sonne tandis que les drones forment deux silhouettes qui dansent et que le ciel se colore de rouge gr\u00e2ce \u00e0 explosions parsem\u00e9es dans le ciel.<\/p>\n<p>Lors de ce spectacle, les femmes sont \u00e9galement repr\u00e9sent\u00e9es. En effet, deux visages sont form\u00e9es gr\u00e2ce aux drones, dont celui de Marianne coiff\u00e9e d&rsquo;un bonnet phrygien, le tout sur un fond de France Gall qui chante \u00ab\u00a0R\u00e9siste !\u00a0\u00bb Puis, un c\u0153ur immense toujours form\u00e9 de drones s&rsquo;impose devant la Tour Eiffel pour c\u00e9l\u00e9brer l&rsquo;amour. Finalement, les mots \u00ab\u00a0Libert\u00e9, \u00c9galit\u00e9, Fraternit\u00e9\u00a0\u00bb sont \u00e9crits et d\u00e9filent tout au tour de la Dame de Fer tandis que les nombreux feux d&rsquo;artifice \u00e9clairent tout le ciel de la capitale fran\u00e7aise. Sur X, les internautes \u00e9taient agr\u00e9ablement surpris par la qualit\u00e9 du show offert par la ville de Paris. Nombre d&rsquo;entre eux ont mentionn\u00e9 le r\u00f4le important tenu par les drones et la plus-value qu&rsquo;ils ont apport\u00e9 au spectacle de cette ann\u00e9e 2025.<\/p>\n<blockquote placeholder=\"\" data-theme=\"light\" class=\"twitter-tweet\">\n<p>Whaaaaaaaaa\u2026 \ud83d\ude0d\ud83e\udd29\ud83d\ude31<br \/>Le feu d\u2019artifice de la <a href=\"https:\/\/twitter.com\/hashtag\/TourEiffel?src=hash&amp;ref_src=twsrc%5Etfw\" rel=\"nofollow noopener\" target=\"_blank\" data-ylk=\"slk:#TourEiffel;elm:context_link;itc:0;sec:content-canvas\" class=\"link \">#TourEiffel<\/a> est SUBLIME !! L\u2019ajout des drones c\u2019est une tuerie ! Bravo <a href=\"https:\/\/twitter.com\/Paris?ref_src=twsrc%5Etfw\" rel=\"nofollow noopener\" target=\"_blank\" data-ylk=\"slk:@Paris;elm:context_link;itc:0;sec:content-canvas\" class=\"link \">@Paris<\/a> !<\/p>\n<p>\u2014 Yann \ud835\udd4f (@_BBBuzz) <a href=\"https:\/\/twitter.com\/_BBBuzz\/status\/1944870570308636796?ref_src=twsrc%5Etfw\" rel=\"nofollow noopener\" target=\"_blank\" data-ylk=\"slk:July 14, 2025;elm:context_link;itc:0;sec:content-canvas\" class=\"link \">July 14, 2025<\/a><\/p>\n<\/blockquote>\n<p><strong>VIDEO. Ce contenu pourrait \u00e9galement vous int\u00e9resser<\/strong><\/p>\n<p><script async src=\"https:\/\/platform.twitter.com\/widgets.js\" charset=\"utf-8\"><\/script><\/p>\n","protected":false},"excerpt":{"rendered":"Comme chaque ann\u00e9e, les spectateurs sur le Champs de Mars comme les t\u00e9l\u00e9spectateurs pr\u00e9sents devant France 2 sont&hellip;\n","protected":false},"author":2,"featured_media":250383,"comment_status":"","ping_status":"","sticky":false,"template":"","format":"standard","meta":{"footnotes":""},"categories":[1888],"tags":[1111,1928,11,1927,2024,1777,674,1312,1011,27,29508,39054,12,1926,626,1925,25,18875],"class_list":{"0":"post-250382","1":"post","2":"type-post","3":"status-publish","4":"format-standard","5":"has-post-thumbnail","7":"category-paris","8":"tag-actu","9":"tag-actu-paris","10":"tag-actualites","11":"tag-actualites-paris","12":"tag-drones","13":"tag-eu","14":"tag-europe","15":"tag-feu","16":"tag-fr","17":"tag-france","18":"tag-le-ciel","19":"tag-maitrise-de-radio-france","20":"tag-news","21":"tag-news-paris","22":"tag-paris","23":"tag-paris-news","24":"tag-republique-francaise","25":"tag-stephane-bern"},"share_on_mastodon":{"url":"https:\/\/pubeurope.com\/@fr\/114854261063277171","error":""},"_links":{"self":[{"href":"https:\/\/www.europesays.com\/fr\/wp-json\/wp\/v2\/posts\/250382","targetHints":{"allow":["GET"]}}],"collection":[{"href":"https:\/\/www.europesays.com\/fr\/wp-json\/wp\/v2\/posts"}],"about":[{"href":"https:\/\/www.europesays.com\/fr\/wp-json\/wp\/v2\/types\/post"}],"author":[{"embeddable":true,"href":"https:\/\/www.europesays.com\/fr\/wp-json\/wp\/v2\/users\/2"}],"replies":[{"embeddable":true,"href":"https:\/\/www.europesays.com\/fr\/wp-json\/wp\/v2\/comments?post=250382"}],"version-history":[{"count":0,"href":"https:\/\/www.europesays.com\/fr\/wp-json\/wp\/v2\/posts\/250382\/revisions"}],"wp:featuredmedia":[{"embeddable":true,"href":"https:\/\/www.europesays.com\/fr\/wp-json\/wp\/v2\/media\/250383"}],"wp:attachment":[{"href":"https:\/\/www.europesays.com\/fr\/wp-json\/wp\/v2\/media?parent=250382"}],"wp:term":[{"taxonomy":"category","embeddable":true,"href":"https:\/\/www.europesays.com\/fr\/wp-json\/wp\/v2\/categories?post=250382"},{"taxonomy":"post_tag","embeddable":true,"href":"https:\/\/www.europesays.com\/fr\/wp-json\/wp\/v2\/tags?post=250382"}],"curies":[{"name":"wp","href":"https:\/\/api.w.org\/{rel}","templated":true}]}}