{"id":250386,"date":"2025-07-14T23:49:16","date_gmt":"2025-07-14T23:49:16","guid":{"rendered":"https:\/\/www.europesays.com\/fr\/250386\/"},"modified":"2025-07-14T23:49:16","modified_gmt":"2025-07-14T23:49:16","slug":"en-images-a-paris-un-feu-dartifice-du-14-juillet-feerique-en-hommage-au-bresil","status":"publish","type":"post","link":"https:\/\/www.europesays.com\/fr\/250386\/","title":{"rendered":"EN IMAGES. A Paris, un feu d\u2019artifice du 14-Juillet f\u00e9erique en hommage au Br\u00e9sil"},"content":{"rendered":"<p><img fetchpriority=\"high\" decoding=\"async\" alt=\"Des feux d\u2019artifice illuminent la tour Eiffel tandis que des drones forment un c\u0153ur dans le ciel, lors d\u2019un spectacle chor\u00e9graphi\u00e9 pour c\u00e9l\u00e9brer la F\u00eate nationale, \u00e0 Paris, le 14\u00a0juillet 2025.\" class=\"mb-s@xs radius-0@xs radius-xxs@md c-img\" loading=\"eager\" width=\"640\" height=\"408\" src=\"https:\/\/img.20mn.fr\/3hy4FnceTGW7-jq_oKgS7Sk\/640x408_fireworks-light-up-around-the-eiffel-tower-as-drones-form-a-heart-shape-during-a-choreographed-firework-and-drone-show-to-celebrate-bastille-day-in-paris-on-july-14-2025-photo-by-dimitar-dilkoff-afp\" \/>D. Dilkoff\/AFP\u2002\/\u00a0AFP<\/p>\n<p>Des feux d\u2019artifice illuminent la tour Eiffel tandis que des drones forment un c\u0153ur dans le ciel, lors d\u2019un spectacle chor\u00e9graphi\u00e9 pour c\u00e9l\u00e9brer la F\u00eate nationale, \u00e0 Paris, le 14\u00a0juillet 2025.<\/p>\n<p><img decoding=\"async\" alt=\"Apr\u00e8s le traditionnel concert, la tour Eiffel s\u2019est \u00e9teinte vers 23\u00a0heures avant de se rallumer, marquant le d\u00e9but du feu d\u2019artifice c\u00e9l\u00e9brant la France et le Br\u00e9sil.\" class=\"mb-s@xs radius-0@xs radius-xxs@md c-img\" loading=\"eager\" width=\"640\" height=\"408\" src=\"https:\/\/img.20mn.fr\/buVU1I89QY6Kc15M7XOUhCk\/640x408_apres-le-traditionnel-concert-la-tour-eiffel-s-est-eteinte-avant-de-se-rallumer-marquant-le-debut-du-feu-d-artifice-celebrant-la-france-et-le-bresil\" \/>D. Dilkoff\/AFP\u2002\/\u00a0AFP<\/p>\n<p>Apr\u00e8s le traditionnel concert, la tour Eiffel s\u2019est \u00e9teinte vers 23\u00a0heures avant de se rallumer, marquant le d\u00e9but du feu d\u2019artifice c\u00e9l\u00e9brant la France et le Br\u00e9sil.<\/p>\n<p><img decoding=\"async\" alt=\"En mettant en avant le Br\u00e9sil, la Ville de Paris a utilis\u00e9 des drones pour mat\u00e9rialiser des symboles du pays invit\u00e9 d\u2019honneur de ce feu d\u2019artifice du 14-Juillet.\" class=\"mb-s@xs radius-0@xs radius-xxs@md c-img\" loading=\"eager\" width=\"640\" height=\"408\" src=\"https:\/\/img.20mn.fr\/vEWvsOORQeqjSEXDr_30gyk\/640x408_en-mettant-en-avant-le-bresil-la-ville-de-paris-a-utilise-des-drones-pour-materialiser-des-symboles-du-pays-invite-d-honner-de-ce-feu-d-artifice-du-14-juillet\" \/>D. Dilkoff\/AFP\u2002\/\u00a0AFP<\/p>\n<p>En mettant en avant le Br\u00e9sil, la Ville de Paris a utilis\u00e9 des drones pour mat\u00e9rialiser des symboles du pays invit\u00e9 d\u2019honneur de ce feu d\u2019artifice du 14-Juillet.<\/p>\n<p><img decoding=\"async\" alt=\"Cette ann\u00e9e, le spectacle a dur\u00e9 une vingtaine de minutes contre une trentaine habituellement.\" class=\"mb-s@xs radius-0@xs radius-xxs@md c-img\" loading=\"eager\" width=\"640\" height=\"408\" src=\"https:\/\/img.20mn.fr\/RV901gXNQ5O9l7wN-R2NVSk\/640x408_cette-annee-le-spectale-a-dure-une-vingtaine-de-minutes-contre-une-trentaine-habituellement\" \/>AFP or licensors\u2002\/\u00a0AFP<\/p>\n<p>Cette ann\u00e9e, le spectacle a dur\u00e9 une vingtaine de minutes contre une trentaine habituellement.<\/p>\n<p><img decoding=\"async\" alt=\"Quelque 1.000 drones ont dessin\u00e9 deux visages de profil autour de la tour Eiffel lors du spectacle chor\u00e9graphi\u00e9 m\u00ealant feux d\u2019artifice et drones pour c\u00e9l\u00e9brer la F\u00eate nationale.\" class=\"mb-s@xs radius-0@xs radius-xxs@md c-img\" loading=\"eager\" width=\"640\" height=\"408\" src=\"https:\/\/img.20mn.fr\/9gOfDYuZSXy1ffvfmD9pzik\/640x408_quelque-1-000-drones-ont-dessine-deux-visages-de-profil-autour-de-la-tour-eiffel-lors-du-spectacle-choregraphie-melant-feux-d-artifice-et-drones-pour-celebrer-la-fete-nationale\" \/>D. Dilkoff\/AFP\u2002\/\u00a0AFP<\/p>\n<p>Quelque 1.000 drones ont dessin\u00e9 deux visages de profil autour de la tour Eiffel lors du spectacle chor\u00e9graphi\u00e9 m\u00ealant feux d\u2019artifice et drones pour c\u00e9l\u00e9brer la F\u00eate nationale.<\/p>\n<p><img decoding=\"async\" alt=\"Utilis\u00e9s de plus en plus souvent, les drones permettent de cr\u00e9er de nouvelles choses, ajoutant encore plus de magie aux traditionnels feux d\u2019artifice.\" class=\"mb-s@xs radius-0@xs radius-xxs@md c-img\" loading=\"eager\" width=\"640\" height=\"408\" src=\"https:\/\/img.20mn.fr\/rcVvV6V8QI2ygkmnCVwTMyk\/640x408_utilises-de-plus-en-plus-souvent-les-drones-permettent-de-creer-de-nouvelles-choses-ajoutant-encore-plus-de-magie-aux-traditionnels-feux-d-artifice\" \/>D. Dilkoff\/AFP\u2002\/\u00a0AFP<\/p>\n<p>Utilis\u00e9s de plus en plus souvent, les drones permettent de cr\u00e9er de nouvelles choses, ajoutant encore plus de magie aux traditionnels feux d\u2019artifice.<\/p>\n<p><img decoding=\"async\" alt=\"En c\u00e9l\u00e9brant le Br\u00e9sil pour le feu d\u2019artifice du 14-Juillet, la Ville de Paris a mis en avant la faune de ce magnifique pays.\" class=\"mb-s@xs radius-0@xs radius-xxs@md c-img\" loading=\"eager\" width=\"640\" height=\"408\" src=\"https:\/\/img.20mn.fr\/z55lPHIBRFyj0wpwL_FDZCk\/640x408_en-celebrant-le-bresil-pour-le-feu-d-artifice-du-14-juillet-la-ville-de-paris-a-mis-en-avant-la-faune-de-ce-magnifique-pays\" \/>D. Dilkoff\/AFP\u2002\/\u00a0AFP<\/p>\n<p>En c\u00e9l\u00e9brant le Br\u00e9sil pour le feu d\u2019artifice du 14-Juillet, la Ville de Paris a mis en avant la faune de ce magnifique pays.<\/p>\n<p><img decoding=\"async\" alt=\"Les organisateurs avaient install\u00e9 120 postes de tirs, dont 80 sur la tour Eiffel.\" class=\"mb-s@xs radius-0@xs radius-xxs@md c-img\" loading=\"eager\" width=\"640\" height=\"408\" src=\"https:\/\/img.20mn.fr\/ZM01_RRuQPGuuBRG0KSTTCk\/640x408_les-organisateurs-avaient-installe-120-postes-de-tirs-dont-80-sur-la-tour-eiffel\" \/>D. Dilkoff\/AFP\u2002\/\u00a0AFP<\/p>\n<p>Les organisateurs avaient install\u00e9 120 postes de tirs, dont 80 sur la tour Eiffel.<\/p>\n<p><img decoding=\"async\" alt=\"Quelque 60.000 personnes se sont regroup\u00e9es sur le Champ-de-Mars au pied de la tour Eiffel pour assister au spectacle du 14-Juillet et au concert.\" class=\"mb-s@xs radius-0@xs radius-xxs@md c-img\" loading=\"eager\" width=\"640\" height=\"408\" src=\"https:\/\/img.20mn.fr\/ON0b-GBpToeIa95AjomzLik\/640x408_quelque-60-000-personnes-se-sont-regroupees-sur-le-champ-de-mars-au-pied-de-la-tour-eiffel-pour-assister-au-spectacle-du-14-juillet-et-au-concert\" \/>T. Moritz\/AFP\u2002\/\u00a0AFP<\/p>\n<p>Quelque 60.000 personnes se sont regroup\u00e9es sur le Champ-de-Mars au pied de la tour Eiffel pour assister au spectacle du 14-Juillet et au concert.<\/p>\n<p><img decoding=\"async\" alt=\"Pour ce spectacle du 14-Juillet, les artificiers ont multipli\u00e9 les prouesses techniques pour offrir un spectacle inoubliable.\" class=\"mb-s@xs radius-0@xs radius-xxs@md c-img\" loading=\"eager\" width=\"640\" height=\"408\" src=\"https:\/\/img.20mn.fr\/f39aIFoNSQqp8yuO9dlxnyk\/640x408_pour-ce-spectacle-du-14-juillet-les-artificiers-ont-multiplie-les-prouesses-techniques-pour-offrir-un-spectacle-inoubliable\" \/>D. Dilkoff\/AFP\u2002\/\u00a0AFP<\/p>\n<p>Pour ce spectacle du 14-Juillet, les artificiers ont multipli\u00e9 les prouesses techniques pour offrir un spectacle inoubliable.<\/p>\n","protected":false},"excerpt":{"rendered":"D. Dilkoff\/AFP\u2002\/\u00a0AFP Des feux d\u2019artifice illuminent la tour Eiffel tandis que des drones forment un c\u0153ur dans le&hellip;\n","protected":false},"author":2,"featured_media":250387,"comment_status":"","ping_status":"","sticky":false,"template":"","format":"standard","meta":{"footnotes":""},"categories":[1888],"tags":[10915,11,8466,2548,6196,1777,674,16701,1011,27,662,12,626,25,13527,7184],"class_list":{"0":"post-250386","1":"post","2":"type-post","3":"status-publish","4":"format-standard","5":"has-post-thumbnail","7":"category-paris","8":"tag-14-juillet","9":"tag-actualites","10":"tag-amazonie","11":"tag-bresil","12":"tag-diaporamas","13":"tag-eu","14":"tag-europe","15":"tag-feu-dartifice","16":"tag-fr","17":"tag-france","18":"tag-ile-de-france","19":"tag-news","20":"tag-paris","21":"tag-republique-francaise","22":"tag-seine","23":"tag-tour-eiffel"},"share_on_mastodon":{"url":"https:\/\/pubeurope.com\/@fr\/114854269501643203","error":""},"_links":{"self":[{"href":"https:\/\/www.europesays.com\/fr\/wp-json\/wp\/v2\/posts\/250386","targetHints":{"allow":["GET"]}}],"collection":[{"href":"https:\/\/www.europesays.com\/fr\/wp-json\/wp\/v2\/posts"}],"about":[{"href":"https:\/\/www.europesays.com\/fr\/wp-json\/wp\/v2\/types\/post"}],"author":[{"embeddable":true,"href":"https:\/\/www.europesays.com\/fr\/wp-json\/wp\/v2\/users\/2"}],"replies":[{"embeddable":true,"href":"https:\/\/www.europesays.com\/fr\/wp-json\/wp\/v2\/comments?post=250386"}],"version-history":[{"count":0,"href":"https:\/\/www.europesays.com\/fr\/wp-json\/wp\/v2\/posts\/250386\/revisions"}],"wp:featuredmedia":[{"embeddable":true,"href":"https:\/\/www.europesays.com\/fr\/wp-json\/wp\/v2\/media\/250387"}],"wp:attachment":[{"href":"https:\/\/www.europesays.com\/fr\/wp-json\/wp\/v2\/media?parent=250386"}],"wp:term":[{"taxonomy":"category","embeddable":true,"href":"https:\/\/www.europesays.com\/fr\/wp-json\/wp\/v2\/categories?post=250386"},{"taxonomy":"post_tag","embeddable":true,"href":"https:\/\/www.europesays.com\/fr\/wp-json\/wp\/v2\/tags?post=250386"}],"curies":[{"name":"wp","href":"https:\/\/api.w.org\/{rel}","templated":true}]}}