{"id":250388,"date":"2025-07-14T23:50:09","date_gmt":"2025-07-14T23:50:09","guid":{"rendered":"https:\/\/www.europesays.com\/fr\/250388\/"},"modified":"2025-07-14T23:50:09","modified_gmt":"2025-07-14T23:50:09","slug":"ivan-demidov-sennuie-de-la-russie","status":"publish","type":"post","link":"https:\/\/www.europesays.com\/fr\/250388\/","title":{"rendered":"Ivan Demidov s\u2019ennuie de la Russie"},"content":{"rendered":"<p>On se souvient tous de la surprise des derniers mois chez le Canadien : Ivan Demidov est venu finir la saison (et jouer en s\u00e9ries) \u00e0 Montr\u00e9al.<\/p>\n<p>Alors que personne ne s\u2019attendait vraiment \u00e0 voir le Russe \u00eatre lib\u00e9r\u00e9 de son contrat avant le 1er juin, le SKA et le Canadien ont r\u00e9serv\u00e9 aux amateurs une surprise de taille.<\/p>\n<p>Et on se rappellera que cela avait fait jaser en masse.<\/p>\n<p>Une fois les s\u00e9ries termin\u00e9es, on a aussi eu la surprise de voir que Demidov avait choisi de rester \u00e0 Montr\u00e9al pour la saison morte. Il n\u2019est donc pas retourn\u00e9 en Russie cet \u00e9t\u00e9.<\/p>\n<p>Il voulait s\u2019entra\u00eener ici et passer du temps \u00e0 d\u00e9couvrir la ville.\u00a0Cette d\u00e9cision-l\u00e0 avait \u00e9t\u00e9 bien accueillie, \u00e9videmment.<\/p>\n<p>Par la force des choses, d\u00e9m\u00e9nager \u00e0 l\u2019autre bout du monde pendant des mois (avec sa blonde, mais sans le reste de sa famille) est un gros d\u00e9fi pour un jeune qui apprend \u00e0 vivre dans une nouvelle culture.<\/p>\n<p>Et voil\u00e0 que selon Bogdan Konyushkov, qui a donn\u00e9 une entrevue au m\u00e9dia Sport24, a confirm\u00e9 que l\u2019espoir de premier plan du Canadien s\u2019ennuie de la Russie cet \u00e9t\u00e9.<\/p>\n<blockquote class=\"twitter-tweet\">\n<p dir=\"ltr\" lang=\"en\">Source: <a href=\"https:\/\/t.co\/wmUVyXg5f5\" rel=\"nofollow\">https:\/\/t.co\/wmUVyXg5f5<\/a><\/p>\n<p>\u2014 \u041c\u0438\u043b\u0435\u043d\u0430 (@D1VDsAGUJsk2iPk) <a href=\"https:\/\/twitter.com\/D1VDsAGUJsk2iPk\/status\/1944635608401367292?ref_src=twsrc%5Etfw\" rel=\"nofollow noopener\" target=\"_blank\">July 14, 2025<\/a><\/p>\n<\/blockquote>\n<p>Est-ce qu\u2019il faut s\u2019\u00e9tonner de constater que le jeune homme s\u2019ennuie de son pays? La r\u00e9ponse est non.\u00a0\u00c0 son \u00e2ge, c\u2019est normal.<\/p>\n<p>Le choix qu\u2019il a fait de rester au Qu\u00e9bec \u00e9tait pour le bien de sa carri\u00e8re. Et durant la saison morte, m\u00eame si Montr\u00e9al est une ville amusante, il n\u2019y a pas de hockey, sa grande passion.\u00a0Pas de hockey de la LNH, du moins.<\/p>\n<blockquote class=\"twitter-tweet\">\n<p dir=\"ltr\" lang=\"fr\">Ivan Demidov se sentait g\u00e9n\u00e9reux \ud83d\ude05<a href=\"https:\/\/twitter.com\/DLCoulisses?ref_src=twsrc%5Etfw\" rel=\"nofollow noopener\" target=\"_blank\">@DLCoulisses<\/a> <a href=\"https:\/\/t.co\/A7vA510Vp9\" rel=\"nofollow\">pic.twitter.com\/A7vA510Vp9<\/a><\/p>\n<p>\u2014 Micha\u00ebl Petit (@MichalPetit6) <a href=\"https:\/\/twitter.com\/MichalPetit6\/status\/1944163283969487337?ref_src=twsrc%5Etfw\" rel=\"nofollow noopener\" target=\"_blank\">July 12, 2025<\/a><\/p>\n<\/blockquote>\n<p>\u00c7a se peut que le temps soit long un brin.<\/p>\n<p>Je ne sais pas jusqu\u2019\u00e0 quel point il appr\u00e9cie les propos de Bogdan, qui a vu Demidov en marge du camp de d\u00e9veloppement du CH dans les derni\u00e8res semaines, d\u00e9rangent le principal int\u00e9ress\u00e9.\u00a0Je ne sais pas s\u2019il voulait que \u00e7a sorte publiquement, mais bon.<\/p>\n<p>Notons qu\u2019il ne faut pas que cela fasse peur pour son avenir dans la LNH. Il a tout fait pour venir ici et il ne va pas l\u00e2cher son r\u00eave.\u00a0Il n\u2019est sans doute pas le premier \u00e0 s\u2019ennuyer de la maison\u2026<\/p>\n<p>L\u2019\u00e9t\u00e9 prochain, attendez-vous cependant \u00e0 le voir aller passer la saison morte en Russie \u2013 et c\u2019est bien correct.<\/p>\n<p>      en rafale\u2013 Paul Coffey ne sera plus derri\u00e8re le banc des Oilers. Il sera encore un conseiller, par contre.<\/p>\n<blockquote class=\"twitter-tweet\">\n<p dir=\"ltr\" lang=\"en\">\ud83d\udcf0 NEW COACHES\u203c\ufe0f<\/p>\n<p>The <a href=\"https:\/\/twitter.com\/hashtag\/Oilers?src=hash&amp;ref_src=twsrc%5Etfw\" rel=\"nofollow noopener\" target=\"_blank\">#Oilers<\/a> have added Paul McFarland (assistant), Peter Aubry (goaltending) &amp; Conor Allen (skills) to their coaching staff.<a href=\"https:\/\/t.co\/XmAqHluQWD\" rel=\"nofollow\">https:\/\/t.co\/XmAqHluQWD<\/a><\/p>\n<p>\u2014 Edmonton Oilers (@EdmontonOilers) <a href=\"https:\/\/twitter.com\/EdmontonOilers\/status\/1944774260435927302?ref_src=twsrc%5Etfw\" rel=\"nofollow noopener\" target=\"_blank\">July 14, 2025<\/a><\/p>\n<\/blockquote>\n<p>\u2013 En effet.<\/p>\n<blockquote class=\"twitter-tweet\">\n<p dir=\"ltr\" lang=\"fr\">1. Il y a trop de gauchers dans l\u2019effectif.<\/p>\n<p>2. Vendre Saliba et Campbell.<\/p>\n<p>3. Ajouter un gaucher?<\/p>\n<p>Je me r\u00e9p\u00e8te, mais il y aura DES ajouts. Plusieurs ajouts\u2026 <a href=\"https:\/\/t.co\/eg3gpIxWKh\" rel=\"nofollow\">https:\/\/t.co\/eg3gpIxWKh<\/a><\/p>\n<p>\u2014 Maxime Truman (@MaximeTruman) <a href=\"https:\/\/twitter.com\/MaximeTruman\/status\/1944775648863490212?ref_src=twsrc%5Etfw\" rel=\"nofollow noopener\" target=\"_blank\">July 14, 2025<\/a><\/p>\n<\/blockquote>\n<p>\u2013 Dossier \u00e0 suivre.<\/p>\n<blockquote class=\"twitter-tweet\">\n<p dir=\"ltr\" lang=\"en\">David Pagnotta: Re Jason Robertson: Teams are keeping tabs; Calgary included, I think they\u2019ve wanted to know, if you can\u2019t reach a deal, give us a call; maybe that impacts the Rasmus Andersson overall discussion in terms of something larger \u2013 Big Show<\/p>\n<p>\u2014 NHL Rumour Report (@NHLRumourReport) <a href=\"https:\/\/twitter.com\/NHLRumourReport\/status\/1944469663938736292?ref_src=twsrc%5Etfw\" rel=\"nofollow noopener\" target=\"_blank\">July 13, 2025<\/a><\/p>\n<\/blockquote>\n<p>          <script async src=\"https:\/\/platform.twitter.com\/widgets.js\" charset=\"utf-8\"><\/script><\/p>\n","protected":false},"excerpt":{"rendered":"On se souvient tous de la surprise des derniers mois chez le Canadien : Ivan Demidov est venu&hellip;\n","protected":false},"author":2,"featured_media":250389,"comment_status":"","ping_status":"","sticky":false,"template":"","format":"standard","meta":{"footnotes":""},"categories":[1591],"tags":[11,1887,12,1885,1886,132],"class_list":{"0":"post-250388","1":"post","2":"type-post","3":"status-publish","4":"format-standard","5":"has-post-thumbnail","7":"category-russie","8":"tag-actualites","9":"tag-federation-de-russie","10":"tag-news","11":"tag-russia","12":"tag-russian-federation","13":"tag-russie"},"share_on_mastodon":{"url":"https:\/\/pubeurope.com\/@fr\/114854272955519834","error":""},"_links":{"self":[{"href":"https:\/\/www.europesays.com\/fr\/wp-json\/wp\/v2\/posts\/250388","targetHints":{"allow":["GET"]}}],"collection":[{"href":"https:\/\/www.europesays.com\/fr\/wp-json\/wp\/v2\/posts"}],"about":[{"href":"https:\/\/www.europesays.com\/fr\/wp-json\/wp\/v2\/types\/post"}],"author":[{"embeddable":true,"href":"https:\/\/www.europesays.com\/fr\/wp-json\/wp\/v2\/users\/2"}],"replies":[{"embeddable":true,"href":"https:\/\/www.europesays.com\/fr\/wp-json\/wp\/v2\/comments?post=250388"}],"version-history":[{"count":0,"href":"https:\/\/www.europesays.com\/fr\/wp-json\/wp\/v2\/posts\/250388\/revisions"}],"wp:featuredmedia":[{"embeddable":true,"href":"https:\/\/www.europesays.com\/fr\/wp-json\/wp\/v2\/media\/250389"}],"wp:attachment":[{"href":"https:\/\/www.europesays.com\/fr\/wp-json\/wp\/v2\/media?parent=250388"}],"wp:term":[{"taxonomy":"category","embeddable":true,"href":"https:\/\/www.europesays.com\/fr\/wp-json\/wp\/v2\/categories?post=250388"},{"taxonomy":"post_tag","embeddable":true,"href":"https:\/\/www.europesays.com\/fr\/wp-json\/wp\/v2\/tags?post=250388"}],"curies":[{"name":"wp","href":"https:\/\/api.w.org\/{rel}","templated":true}]}}