{"id":250390,"date":"2025-07-14T23:51:13","date_gmt":"2025-07-14T23:51:13","guid":{"rendered":"https:\/\/www.europesays.com\/fr\/250390\/"},"modified":"2025-07-14T23:51:13","modified_gmt":"2025-07-14T23:51:13","slug":"replay-guerre-en-ukraine-des-droits-de-douane-a-100-dici-50-jours-pour-les-pays-allies-de-vladimir-poutine-donald-trump-hausse-le-ton","status":"publish","type":"post","link":"https:\/\/www.europesays.com\/fr\/250390\/","title":{"rendered":"REPLAY. Guerre en Ukraine\u00a0: des droits de douane \u00e0 100\u00a0% d\u2019ici 50 jours pour les pays alli\u00e9s de Vladimir Poutine\u2026 Donald Trump hausse le ton"},"content":{"rendered":"<p>00h27.<\/p>\n<p>C&rsquo;est la fin de ce direct, merci de l&rsquo;avoir suivi et bonne soir\u00e9e.<\/p>\n<p>18h16.Kiev va recevoir \u00ab\u00a0un tr\u00e8s grand nombre\u00a0\u00bb d&rsquo;armes via un accord Otan-Etats-Unis<\/p>\n<p class=\"live-post__amorce\">L&rsquo;Ukraine va obtenir un \u00ab\u00a0tr\u00e8s grand nombre d&rsquo;\u00e9quipements militaires\u00a0\u00bb, gr\u00e2ce \u00e0 un accord conclu entre l&rsquo;Otan et les Etats-Unis, a annonc\u00e9 lundi le secr\u00e9taire g\u00e9n\u00e9ral de l&rsquo;Alliance Mark Rutte lors d&rsquo;une rencontre avec Donald Trump \u00e0 Washington.<\/p>\n<p class=\"live-post__amorce\">Mark Rutte a notamment cit\u00e9 du mat\u00e9riel de \u00ab\u00a0d\u00e9fense a\u00e9rienne\u00a0\u00bb, des \u00ab\u00a0missiles\u00a0\u00bb ou encore des \u00ab\u00a0munitions\u00a0\u00bb, apr\u00e8s que le pr\u00e9sident am\u00e9ricain a annonc\u00e9 cet \u00ab\u00a0accord\u00a0\u00bb consistant pour les Etats-Unis \u00e0 \u00ab\u00a0envoyer\u00a0\u00bb des armes que les membres de l&rsquo;Otan vont \u00ab\u00a0payer\u00a0\u00bb.<\/p>\n<p>17h27.Trump menace les alli\u00e9s de la Russie de \u00ab\u00a0droits de douane tr\u00e8s s\u00e9v\u00e8res\u00a0\u00bb si pas d&rsquo;accord sur l&rsquo;Ukraine<\/p>\n<p class=\"live-post__amorce\">Donald Trump menace d&rsquo;appliquer des \u00ab\u00a0droits de douane tr\u00e8s s\u00e9v\u00e8res\u00a0\u00bb contre les alli\u00e9s de la Russie en cas d&rsquo;absence d&rsquo;accord sur la guerre en Ukraine \u00ab\u00a0d&rsquo;ici 50 jours\u00a0\u00bb.<\/p>\n<p class=\"live-post__amorce\">\u00ab\u00a0Je suis d\u00e9\u00e7u du pr\u00e9sident Poutine, car je pensais que nous aurions un accord il y a deux mois, mais \u00e7a ne semble pas se concr\u00e9tiser\u00a0\u00bb, a d\u00e9clar\u00e9 le pr\u00e9sident am\u00e9ricain \u00e0 la Maison Blanche, aux c\u00f4t\u00e9s du secr\u00e9taire g\u00e9n\u00e9ral de l&rsquo;Otan, Mark Rutte, ajoutant que \u00ab\u00a0par cons\u00e9quent, nous allons mettre en place des droits de douane secondaires\u00a0\u00bb, c&rsquo;est-\u00e0-dire sur les alli\u00e9s de Moscou.<\/p>\n<p class=\"live-post__amorce\">\u00ab\u00a0Si nous n&rsquo;avons pas un accord d&rsquo;ici 50 jours, c&rsquo;est tr\u00e8s simple, (les droits de douane) seront \u00e0 100% et c&rsquo;est comme \u00e7a\u00a0\u00bb, a-t-il ajout\u00e9.<\/p>\n<p>15h46.Ioulia Svyrydenko bient\u00f4t Premi\u00e8re ministre de l&rsquo;Ukraine ?<\/p>\n<p class=\"live-post__amorce\">Le pr\u00e9sident ukrainien Volodymyr Zelensky a propos\u00e9 lundi de nommer Premi\u00e8re ministre son actuelle ministre de l&rsquo;Economie, Ioulia Svyrydenko, ce qui constituerait un remaniement politique majeur pour ce pays en guerre.<\/p>\n<p class=\"live-post__amorce\">\u00ab\u00a0J&rsquo;ai propos\u00e9 que Ioulia Svyrydenko prenne la t\u00eate du gouvernement de l&rsquo;Ukraine et en renouvelle le travail en profondeur\u00a0\u00bb, a-t-il \u00e9crit sur les r\u00e9seaux sociaux.<\/p>\n<p>15h35.Zelensky : \u00ab\u00a0conversation productive\u00a0\u00bb avec Keith Kellogg<\/p>\n<p class=\"live-post__amorce\">Volodymyr Zelensky a dit aujourd&rsquo;hui avoir eu une \u00ab\u00a0conversation productive\u00a0\u00bb \u00e0 Kiev avec l&rsquo;envoy\u00e9 sp\u00e9cial am\u00e9ricain Keith Kellogg, remerciant par ailleurs le pr\u00e9sident Donald Trump pour son \u00ab\u00a0soutien\u00a0\u00bb, apr\u00e8s l&rsquo;annonce de nouvelles livraisons de syst\u00e8mes de d\u00e9fense antia\u00e9rienne. \u00ab\u00a0Cela inclut le renforcement de la d\u00e9fense a\u00e9rienne ukrainienne, la production conjointe et l&rsquo;acquisition d&rsquo;armes de d\u00e9fense en collaboration avec l&rsquo;Europe\u00a0\u00bb, ainsi que les \u00ab\u00a0sanctions contre la Russie\u00a0\u00bb et ses soutiens, a-t-il ajout\u00e9.<\/p>\n<blockquote data-class=\"twitter-tweet\">\n<p lang=\"en\" dir=\"ltr\">I met with <a href=\"https:\/\/twitter.com\/generalkellogg?ref_src=twsrc%5Etfw\" target=\"_blank\" rel=\"noopener\">@generalkellogg<\/a>, the U.S. Special Envoy. We had a productive conversation.<\/p>\n<p>We discussed the path to peace and what we can practically do together to bring it closer. This includes strengthening Ukraine\u2019s air defense, joint production, and procurement of defense\u2026 <a href=\"https:\/\/t.co\/TCxJwU6q9N\">pic.twitter.com\/TCxJwU6q9N<\/a><\/p>\n<p>\u2014 Volodymyr Zelenskyy \/ \u0412\u043e\u043b\u043e\u0434\u0438\u043c\u0438\u0440 \u0417\u0435\u043b\u0435\u043d\u0441\u044c\u043a\u0438\u0439 (@ZelenskyyUa) <a href=\"https:\/\/twitter.com\/ZelenskyyUa\/status\/1944716532883341774?ref_src=twsrc%5Etfw\" target=\"_blank\" rel=\"noopener\">July 14, 2025<\/a><\/p><\/blockquote>\n<p>09h12.L&rsquo;arm\u00e9e de l&rsquo;air ukrainienne dit avoir abattu 61 drones russes pendant la nuit<\/p>\n<p class=\"live-post__amorce\">L&rsquo;Ukraine a \u00e9t\u00e9 vis\u00e9e cette nuit par \u00ab\u00a0136 drones d&rsquo;attaque de type Shahed et des drones leurres\u00a0\u00bb, ainsi que quatre missiles antia\u00e9riens, rapporte l&rsquo;arm\u00e9e de l&rsquo;air ukrainienne dans un communiqu\u00e9 Telegram.<\/p>\n<p>08h20.L&rsquo;envoy\u00e9-sp\u00e9cial des Etats-Unis est arriv\u00e9 \u00e0 Kiev<\/p>\n<p class=\"live-post__amorce\">L&rsquo;assistant de Volodymyr Zelensky a indiqu\u00e9 ce matin que l&rsquo;envoy\u00e9 sp\u00e9cial des Etats-Unis Keith Kellogg \u00e9tait arriv\u00e9 \u00e0 Kiev.<\/p>\n<p>07h45.L&rsquo;Allemagne fournira elle aussi des syst\u00e8mes Patriot \u00e0 l&rsquo;Ukraine mais exclut les missiles de croisi\u00e8re Taurus<\/p>\n<p class=\"live-post__amorce\">L&rsquo;Allemagne ne fournira pas \u00e0 l&rsquo;Ukraine de missiles de croisi\u00e8re Taurus mais promet des syst\u00e8mes de d\u00e9fense a\u00e9rienne Patriot achet\u00e9s aux Etats-Unis, a d\u00e9clar\u00e9 le ministre allemand de la D\u00e9fense Boris Pistorius dans une interview au  <a href=\"https:\/\/www.ft.com\/content\/a9c8d754-bea4-4f5a-887c-b2898b5d0dd3\" target=\"_blank\" rel=\"noopener noreferrer nofollow\" class=\"\">Financial Times<\/a>  le 13 juillet.<\/p>\n<p class=\"live-post__amorce\">Pistorius a soulign\u00e9 que l&rsquo;Allemagne ne disposait plus de suffisamment de Patriot \u00e0 fournir \u00e0 partir de ses propres stocks, ajoutant que deux d&rsquo;entre eux se trouvaient actuellement en Pologne. \u00ab\u00a0L&rsquo;industrie doit accro\u00eetre ses capacit\u00e9s. Cela s&rsquo;applique aux munitions, aux drones, aux chars &#8211; en fait, \u00e0 presque tous les domaines\u00a0\u00bb, a-t-il ajout\u00e9.<\/p>\n<p>07h35.Volt-face de Donald Trump : le pr\u00e9sident enverra des syst\u00e8mes Patriot \u00e0 l&rsquo;Ukraine<\/p>\n<p class=\"live-post__amorce\">Donald Trump a annonc\u00e9 dimanche que les \u00c9tats-Unis enverraient \u00e0 l&rsquo;Ukraine des syst\u00e8mes de d\u00e9fense antia\u00e9rienne Patriot, essentiels \u00e0 Kiev pour se d\u00e9fendre face aux frappes russes se sont intensifi\u00e9es ces derni\u00e8res semaines.<\/p>\n<p class=\"live-post__amorce\">\u00ab\u00a0Je n&rsquo;ai pas encore d\u00e9cid\u00e9 du nombre mais ils vont en avoir parce qu&rsquo;ils ont besoin de protection\u00a0\u00bb, a-t-il d\u00e9clar\u00e9. Il avait pr\u00e9c\u00e9demment dit aux journalistes avoir \u00ab\u00a0une d\u00e9claration importante \u00e0 faire sur la Russie\u00a0\u00bb, aujourd&rsquo;hui.<\/p>\n<p>07h33.Bienvenue dans ce direct<\/p>\n<p class=\"live-post__amorce\">Bonjour et bienvenue dans ce direct qui relate les derni\u00e8res actualit\u00e9s de la guerre en Ukraine. Vous trouverez tous les articles relatifs au conflit dans  <a href=\"https:\/\/www.ladepeche.fr\/actu\/international\/crise-en-ukraine\/\" target=\"_blank\" rel=\"noopener noreferrer nofollow\" class=\"\">notre rubrique d\u00e9di\u00e9e<\/a> .<\/p>\n<p><script async src=\"https:\/\/platform.twitter.com\/widgets.js\" charset=\"utf-8\"><\/script><\/p>\n","protected":false},"excerpt":{"rendered":"00h27. C&rsquo;est la fin de ce direct, merci de l&rsquo;avoir suivi et bonne soir\u00e9e. 18h16.Kiev va recevoir \u00ab\u00a0un&hellip;\n","protected":false},"author":2,"featured_media":250391,"comment_status":"","ping_status":"","sticky":false,"template":"","format":"standard","meta":{"footnotes":""},"categories":[1590],"tags":[11,1777,674,12,220],"class_list":{"0":"post-250390","1":"post","2":"type-post","3":"status-publish","4":"format-standard","5":"has-post-thumbnail","7":"category-ukraine","8":"tag-actualites","9":"tag-eu","10":"tag-europe","11":"tag-news","12":"tag-ukraine"},"share_on_mastodon":{"url":"https:\/\/pubeurope.com\/@fr\/114854276842893259","error":""},"_links":{"self":[{"href":"https:\/\/www.europesays.com\/fr\/wp-json\/wp\/v2\/posts\/250390","targetHints":{"allow":["GET"]}}],"collection":[{"href":"https:\/\/www.europesays.com\/fr\/wp-json\/wp\/v2\/posts"}],"about":[{"href":"https:\/\/www.europesays.com\/fr\/wp-json\/wp\/v2\/types\/post"}],"author":[{"embeddable":true,"href":"https:\/\/www.europesays.com\/fr\/wp-json\/wp\/v2\/users\/2"}],"replies":[{"embeddable":true,"href":"https:\/\/www.europesays.com\/fr\/wp-json\/wp\/v2\/comments?post=250390"}],"version-history":[{"count":0,"href":"https:\/\/www.europesays.com\/fr\/wp-json\/wp\/v2\/posts\/250390\/revisions"}],"wp:featuredmedia":[{"embeddable":true,"href":"https:\/\/www.europesays.com\/fr\/wp-json\/wp\/v2\/media\/250391"}],"wp:attachment":[{"href":"https:\/\/www.europesays.com\/fr\/wp-json\/wp\/v2\/media?parent=250390"}],"wp:term":[{"taxonomy":"category","embeddable":true,"href":"https:\/\/www.europesays.com\/fr\/wp-json\/wp\/v2\/categories?post=250390"},{"taxonomy":"post_tag","embeddable":true,"href":"https:\/\/www.europesays.com\/fr\/wp-json\/wp\/v2\/tags?post=250390"}],"curies":[{"name":"wp","href":"https:\/\/api.w.org\/{rel}","templated":true}]}}