{"id":250392,"date":"2025-07-14T23:52:14","date_gmt":"2025-07-14T23:52:14","guid":{"rendered":"https:\/\/www.europesays.com\/fr\/250392\/"},"modified":"2025-07-14T23:52:14","modified_gmt":"2025-07-14T23:52:14","slug":"accord-chine-etats-unis-vers-une-reprise-des-exportations-de-terres-rares","status":"publish","type":"post","link":"https:\/\/www.europesays.com\/fr\/250392\/","title":{"rendered":"Accord Chine-\u00c9tats-Unis: vers une reprise des exportations de terres rares"},"content":{"rendered":"<p>\n                                                La Chine et les \u00c9tats-Unis ont sign\u00e9 fin juin un accord pour mettre en pause leurs augmentations r\u00e9ciproques des droits de douane, ceci doit aussi permettre la reprise des exportations des terres rares chinoises, essentielles pour les secteurs automobiles et de la d\u00e9fense. Leur pause a en effet sem\u00e9 la panique et rappel\u00e9 le dangereux contr\u00f4le de la Chine sur ces minerais strat\u00e9giques.                    <\/p>\n<p>Sept mat\u00e9riaux vous manquent, et l&rsquo;industrie est affol\u00e9e. C&rsquo;est le constat amer de ces derniers mois\u00a0: suite \u00e0 l&rsquo;imposition de droits de douane \u00e0 la <strong><a href=\"https:\/\/www.rfi.fr\/fr\/tag\/chine\/\" target=\"_self\" class=\"gtm-add-suggested-tag\" rel=\"noopener\">Chine<\/a><\/strong> par <strong><a href=\"https:\/\/www.rfi.fr\/fr\/tag\/donald-trump\/\" target=\"_self\" class=\"gtm-add-suggested-tag\" rel=\"noopener\">Donald Trump<\/a><\/strong>, P\u00e9kin a restreint en avril ses exportations de sept \u00e9l\u00e9ments dits rares, comme l&rsquo;Yttrium ou le Scandium. Cela a sem\u00e9 la panique dans l&rsquo;industrie automobile, qui en a grand besoin pour ses moteurs \u00e9lectriques ou ses syst\u00e8mes de freinage. Les entreprises de d\u00e9fense en sont \u00e9galement tr\u00e8s d\u00e9pendantes pour leurs syst\u00e8mes \u00e9lectroniques de guidage ou de propulsion.<\/p>\n<p>Panique ? Oui, car la Chine poss\u00e8de non seulement l&rsquo;essentiel des r\u00e9serves de ces terres rares, mais contr\u00f4le surtout plus de 90% de son raffinage\u00a0: ces minerais sont tr\u00e8s peu concentr\u00e9s et leur extraction requiert un processus lourd et polluant, l&rsquo;une des raisons pour lesquels les pays europ\u00e9ens et les <strong><a href=\"https:\/\/www.rfi.fr\/fr\/tag\/\u00e9tats-unis\/\" target=\"_self\" class=\"gtm-add-suggested-tag\" rel=\"noopener\">\u00c9tats-Unis<\/a><\/strong> n&rsquo;ont pas investi dedans.<\/p>\n<p>Donald Trump a compris la menace. Il a suspendu son augmentation des droits de douane pour six mois, la Chine reprend donc doucement ses exportations de terres rares.<\/p>\n<p>La catastrophe semble \u00e9vit\u00e9e, mais cela rappelle que cette d\u00e9pendance est insoutenable. Difficile, toutefois, de la r\u00e9duire rapidement, notamment pour l&rsquo;Europe qui compte des r\u00e9serves tr\u00e8s limit\u00e9es, et seulement en Scandinavie. Certains fabricants, comme Mercedes, disent vouloir r\u00e9duire leur utilisation de terres rares, mais il n&rsquo;y a pour l&rsquo;instant pas d&rsquo;alternatives, surtout pour les aimants n\u00e9cessaires aux voitures \u00e9lectriques.<\/p>\n<p>Autre solution, le recyclage\u00a0: un consortium industriel regroupant quinze pays europ\u00e9ens, appel\u00e9 Reproduce, a \u00e9t\u00e9 mis en place dans ce sens, mais n&rsquo;a pas encore d\u00e9marr\u00e9 ses travaux.<\/p>\n<p>Derni\u00e8re option\u00a0: aller chercher les minerais, comme l&rsquo;a fait la Chine en <strong><a href=\"https:\/\/www.rfi.fr\/fr\/tag\/afrique\/\" target=\"_self\" class=\"gtm-add-suggested-tag\" rel=\"noopener\">Afrique<\/a><\/strong> et en Am\u00e9rique latine. Et c&rsquo;est certainement ce qu&rsquo;aimerait faire Donald Trump en annexant le <strong><a href=\"https:\/\/www.rfi.fr\/fr\/tag\/groenland\/\" target=\"_self\" class=\"gtm-add-suggested-tag\" rel=\"noopener\">Groenland<\/a><\/strong>, car ce territoire poss\u00e8de les huiti\u00e8mes plus grandes r\u00e9serves mondiales de terres rares.<\/p>\n<p>\u00a0<\/p>\n<p class=\"a-read-more\">\u00c0 lire aussi<a href=\"https:\/\/www.rfi.fr\/fr\/podcasts\/chronique-des-mati\u00e8res-premi\u00e8res\/20250418-m\u00e9taux-critiques-p\u00e9kin-accentue-la-pression-sur-washington\" target=\"_self\" class=\"a-read-more__link\" rel=\"noopener\">M\u00e9taux critiques: P\u00e9kin accentue la pression sur Washington<\/a><\/p>\n","protected":false},"excerpt":{"rendered":"La Chine et les \u00c9tats-Unis ont sign\u00e9 fin juin un accord pour mettre en pause leurs augmentations r\u00e9ciproques&hellip;\n","protected":false},"author":2,"featured_media":250393,"comment_status":"","ping_status":"","sticky":false,"template":"","format":"standard","meta":{"footnotes":""},"categories":[1589],"tags":[11,309,9099,2578,33,73,1866,6848,12,1864,1865,1863,308],"class_list":{"0":"post-250392","1":"post","2":"type-post","3":"status-publish","4":"format-standard","5":"has-post-thumbnail","7":"category-etats-unis","8":"tag-actualites","9":"tag-chine","10":"tag-chronique-des-matieres-premieres","11":"tag-commerce-et-echanges","12":"tag-economie","13":"tag-etats-unis","14":"tag-etats-unis-damerique","15":"tag-matieres-premieres","16":"tag-news","17":"tag-united-states","18":"tag-united-states-of-america","19":"tag-us","20":"tag-usa"},"share_on_mastodon":{"url":"https:\/\/pubeurope.com\/@fr\/114854280749068958","error":""},"_links":{"self":[{"href":"https:\/\/www.europesays.com\/fr\/wp-json\/wp\/v2\/posts\/250392","targetHints":{"allow":["GET"]}}],"collection":[{"href":"https:\/\/www.europesays.com\/fr\/wp-json\/wp\/v2\/posts"}],"about":[{"href":"https:\/\/www.europesays.com\/fr\/wp-json\/wp\/v2\/types\/post"}],"author":[{"embeddable":true,"href":"https:\/\/www.europesays.com\/fr\/wp-json\/wp\/v2\/users\/2"}],"replies":[{"embeddable":true,"href":"https:\/\/www.europesays.com\/fr\/wp-json\/wp\/v2\/comments?post=250392"}],"version-history":[{"count":0,"href":"https:\/\/www.europesays.com\/fr\/wp-json\/wp\/v2\/posts\/250392\/revisions"}],"wp:featuredmedia":[{"embeddable":true,"href":"https:\/\/www.europesays.com\/fr\/wp-json\/wp\/v2\/media\/250393"}],"wp:attachment":[{"href":"https:\/\/www.europesays.com\/fr\/wp-json\/wp\/v2\/media?parent=250392"}],"wp:term":[{"taxonomy":"category","embeddable":true,"href":"https:\/\/www.europesays.com\/fr\/wp-json\/wp\/v2\/categories?post=250392"},{"taxonomy":"post_tag","embeddable":true,"href":"https:\/\/www.europesays.com\/fr\/wp-json\/wp\/v2\/tags?post=250392"}],"curies":[{"name":"wp","href":"https:\/\/api.w.org\/{rel}","templated":true}]}}