{"id":250396,"date":"2025-07-14T23:54:11","date_gmt":"2025-07-14T23:54:11","guid":{"rendered":"https:\/\/www.europesays.com\/fr\/250396\/"},"modified":"2025-07-14T23:54:11","modified_gmt":"2025-07-14T23:54:11","slug":"la-bundesbank-tire-la-sonnette-dalarme-sur-la-competitivite-allemande","status":"publish","type":"post","link":"https:\/\/www.europesays.com\/fr\/250396\/","title":{"rendered":"La Bundesbank tire la sonnette d&rsquo;alarme sur la comp\u00e9titivit\u00e9 allemande"},"content":{"rendered":"<p class=\"ap-StoryElement ap-StoryElement--mb ap-StoryText\">La faiblesse des exportations a largement contribu\u00e9 \u00e0 la crise \u00e9conomique allemande. Le pays s&rsquo;oriente ainsi vers une troisi\u00e8me ann\u00e9e cons\u00e9cutive sans croissance. Sur le plan mondial, l&rsquo;Allemagne accuse un retard par rapport \u00e0 d&rsquo;autres pays de la zone euro, aux \u00c9tats-Unis et \u00e0 la Chine, a constat\u00e9 la Bundesbank.<\/p>\n<p class=\"ap-StoryElement ap-StoryElement--mb ap-StoryText\">Selon ses calculs, si l&rsquo;Allemagne avait r\u00e9ussi \u00e0 maintenir ses parts de march\u00e9 \u00e0 l&rsquo;exportation, son \u00e9conomie aurait cr\u00fb de 2,4 points de pourcentage suppl\u00e9mentaires entre 2021 et 2024.<\/p>\n","protected":false},"excerpt":{"rendered":"La faiblesse des exportations a largement contribu\u00e9 \u00e0 la crise \u00e9conomique allemande. Le pays s&rsquo;oriente ainsi vers une&hellip;\n","protected":false},"author":2,"featured_media":25030,"comment_status":"","ping_status":"","sticky":false,"template":"","format":"standard","meta":{"footnotes":""},"categories":[1587],"tags":[11,672,9999,1804,215,8324,1805,1803,1777,674,1801,12,1802],"class_list":{"0":"post-250396","1":"post","2":"type-post","3":"status-publish","4":"format-standard","5":"has-post-thumbnail","7":"category-allemagne","8":"tag-actualites","9":"tag-allemagne","10":"tag-belgium","11":"tag-bundesrepublik-deutschland","12":"tag-commerce","13":"tag-conjoncture","14":"tag-de","15":"tag-deutschland","16":"tag-eu","17":"tag-europe","18":"tag-germany","19":"tag-news","20":"tag-republique-federale-dallemagne"},"share_on_mastodon":{"url":"https:\/\/pubeurope.com\/@fr\/114854288669683740","error":""},"_links":{"self":[{"href":"https:\/\/www.europesays.com\/fr\/wp-json\/wp\/v2\/posts\/250396","targetHints":{"allow":["GET"]}}],"collection":[{"href":"https:\/\/www.europesays.com\/fr\/wp-json\/wp\/v2\/posts"}],"about":[{"href":"https:\/\/www.europesays.com\/fr\/wp-json\/wp\/v2\/types\/post"}],"author":[{"embeddable":true,"href":"https:\/\/www.europesays.com\/fr\/wp-json\/wp\/v2\/users\/2"}],"replies":[{"embeddable":true,"href":"https:\/\/www.europesays.com\/fr\/wp-json\/wp\/v2\/comments?post=250396"}],"version-history":[{"count":0,"href":"https:\/\/www.europesays.com\/fr\/wp-json\/wp\/v2\/posts\/250396\/revisions"}],"wp:featuredmedia":[{"embeddable":true,"href":"https:\/\/www.europesays.com\/fr\/wp-json\/wp\/v2\/media\/25030"}],"wp:attachment":[{"href":"https:\/\/www.europesays.com\/fr\/wp-json\/wp\/v2\/media?parent=250396"}],"wp:term":[{"taxonomy":"category","embeddable":true,"href":"https:\/\/www.europesays.com\/fr\/wp-json\/wp\/v2\/categories?post=250396"},{"taxonomy":"post_tag","embeddable":true,"href":"https:\/\/www.europesays.com\/fr\/wp-json\/wp\/v2\/tags?post=250396"}],"curies":[{"name":"wp","href":"https:\/\/api.w.org\/{rel}","templated":true}]}}