{"id":250397,"date":"2025-07-14T23:55:15","date_gmt":"2025-07-14T23:55:15","guid":{"rendered":"https:\/\/www.europesays.com\/fr\/250397\/"},"modified":"2025-07-14T23:55:15","modified_gmt":"2025-07-14T23:55:15","slug":"rate-il-faut-preparer-la-riposte","status":"publish","type":"post","link":"https:\/\/www.europesays.com\/fr\/250397\/","title":{"rendered":"rat\u00e9, il faut pr\u00e9parer la riposte"},"content":{"rendered":"<p>      <img fetchpriority=\"high\" decoding=\"async\" class=\"mx-auto\" src=\"data:image\/svg+xml,%3Csvg%20xmlns%3D%27http%3A%2F%2Fwww.w3.org%2F2000%2Fsvg%27%20fill%3D%22%23e4e4e4%22%20viewBox%3D%270%200%20510%20340%27%20width%3D%22510%22%20height%3D%22340%22%3E%3Cpath%20d%3D%27M0%200h510v340H0z%27%2F%3E%3C%2Fsvg%3E\"  loading=\"eager\" width=\"510\" height=\"340\" data-oncrawl-image-size=\"510x340\" alt=\"Le chancelier allemand Friedrich Merz et la pr\u00e9sidente de la Commission Ursula Von der Leyen, \u00e0 Kananaskis le 16\u00a0juin.\"\/>      <\/p>\n<p class=\"latino-100m text-grey-800\">\n            Le chancelier allemand Friedrich Merz et la pr\u00e9sidente de la Commission Ursula Von der Leyen, \u00e0 Kananaskis le 16\u00a0juin.\u00a0BRENDAN SMIALOWSKI \/ AFP        <\/p>\n<p>    Lire\u00a0plus\u00a0tard  <\/p>\n<p><a aria-label=\"Nous suivre sur Google News\" href=\"https:\/\/news.google.com\/publications\/CAAqBwgKMJe4nQkw3dFs?hl=fr&amp;gl=FR&amp;ceid=FR%3Afr\" target=\"_blank\" data-piano=\"Page_Article,Sous_date_publi,Nous_suivre_sur_google_news,1er_clic,action\" class=\"btn btn--small btn--tertiary btn--icon-only\" rel=\"noopener\"><\/p>\n<p>      Google Actualit\u00e9s<br \/>\n  <\/a><\/p>\n<p>  Partager<\/p>\n<p>        Facebook<\/p>\n<p>        Bluesky<\/p>\n<p>        E-mail<\/p>\n<p>        Copier le lien<\/p>\n<p>      Envoyer<\/p>\n<p>      S\u2019abonner pour lire    <\/p>\n<p class=\"node__paragraphe antonia-750r text-grey-800 pb-24 pb-md-30\">\nLes <a href=\"https:\/\/www.nouvelobs.com\/monde\/20250624.OBS105268\/l-europe-va-payer-un-max-au-sommet-de-l-otan-le-couteux-numero-de-charme-des-europeens-pour-cajoler-trump.html\" target=\"_blank\" rel=\"noopener\">traitements de faveur et les promesses de d\u00e9penses<\/a> n\u2019y auront rien chang\u00e9. Samedi 12\u00a0juillet, Donald Trump a annonc\u00e9 par courrier \u00e0 la pr\u00e9sidente de la Commission europ\u00e9enne Ursula von der Leyen qu\u2019il <a href=\"https:\/\/www.nouvelobs.com\/economie\/20250712.OBS105842\/trump-annonce-30-de-droits-de-douane-pour-l-union-europenne-a-partir-du-1er-aout.html\" target=\"_blank\" rel=\"noopener\">imposerait 30\u00a0% de droits de douane<\/a> sur les produits europ\u00e9ens \u00e0 partir du 1er ao\u00fbt, un tarif comparable \u00e0 celui des autres r\u00e9gions du monde. A Bruxelles, o\u00f9 l\u2019on \u0153uvre depuis des mois \u00e0 un accord n\u00e9goci\u00e9, la lettre a \u00e9t\u00e9 re\u00e7ue comme un coup de massue. Si les dirigeants de l\u2019Union europ\u00e9enne ont arr\u00eat\u00e9 de r\u00eaver tout haut \u00e0 l\u2019instauration d\u2019une zone de libre-\u00e9change transatlantique, ils croyaient encore jusqu\u2019\u00e0 la derni\u00e8re minute \u00e0 la possibilit\u00e9 d\u2019un compromis face \u00e0 la multiplication des \u00e9changes \u00ab\u00a0productifs\u00a0\u00bb entre les \u00e9quipes de Trump et le bras droit d\u2019Ursula von der Leyen, le commissaire au Commerce Maro\u0161 \u0160ef\u010dovi\u010d.<\/p>\n<p class=\"node__paragraphe antonia-750r text-grey-800 pb-8\">\nL\u2019accord envisag\u00e9 semblait presque raisonnable\u00a0: une taxe g\u00e9n\u00e9rale de 10\u00a0%, avec des exemptions pour des secteurs cl\u00e9s comme l\u2019acier, l\u2019automobile ou l\u2019a\u00e9ronautique. Emmanuel Macron plissait le nez face \u00e0 ce \u00ab\u00a0moindre mal\u00a0\u00bb mais le chancelier allemand Friedrich Merz ou la pr\u00e9sidente du conseil italien Giorgia Meloni pressaient pour un accord \u00ab\u00a0rapide\u00a0\u00bb. \u00ab\u00a0J\u2019ai dit \u00e0 mes coll\u00e8gues\u00a0: \u201cTrouvons rapidement une solution, s\u2019il vous pla\u00eet\u201d\u00a0\u00bb, suppliait\u2026<\/p>\n<p>  <img loading=\"lazy\" decoding=\"async\" class=\"floating-img\" src=\"https:\/\/www.europesays.com\/fr\/wp-content\/uploads\/2025\/07\/img-paywall@2x.png\" width=\"142\" height=\"91\" alt=\"\"\/><\/p>\n<p class=\"latino-100m text-blue-400\">Article r\u00e9serv\u00e9 aux abonn\u00e9s.<\/p>\n<p>          Se connecter<\/p>\n<p class=\"pb-16 text-center antonia-1850c\">Offre d\u2019\u00e9t\u00e9\u00a0:<br \/>1\u20ac\/mois pendant 6\u00a0mois<\/p>\n<p>\n        S&rsquo;abonner\n      <\/p>\n<p>          D\u00e9couvrir toutes nos offres<\/p>\n","protected":false},"excerpt":{"rendered":"Le chancelier allemand Friedrich Merz et la pr\u00e9sidente de la Commission Ursula Von der Leyen, \u00e0 Kananaskis le&hellip;\n","protected":false},"author":2,"featured_media":250398,"comment_status":"","ping_status":"","sticky":false,"template":"","format":"standard","meta":{"footnotes":""},"categories":[1586],"tags":[17,11,39055,33,8255,1777,674,11201,2823,1011,27,74,12,31083,25,8727,364],"class_list":{"0":"post-250397","1":"post","2":"type-post","3":"status-publish","4":"format-standard","5":"has-post-thumbnail","7":"category-europe","8":"tag-17","9":"tag-actualites","10":"tag-coucher","11":"tag-economie","12":"tag-etaient","13":"tag-eu","14":"tag-europe","15":"tag-europeens","16":"tag-face","17":"tag-fr","18":"tag-france","19":"tag-monde","20":"tag-news","21":"tag-prets","22":"tag-republique-francaise","23":"tag-tarifs","24":"tag-union-europeenne"},"share_on_mastodon":{"url":"https:\/\/pubeurope.com\/@fr\/114854292879686864","error":""},"_links":{"self":[{"href":"https:\/\/www.europesays.com\/fr\/wp-json\/wp\/v2\/posts\/250397","targetHints":{"allow":["GET"]}}],"collection":[{"href":"https:\/\/www.europesays.com\/fr\/wp-json\/wp\/v2\/posts"}],"about":[{"href":"https:\/\/www.europesays.com\/fr\/wp-json\/wp\/v2\/types\/post"}],"author":[{"embeddable":true,"href":"https:\/\/www.europesays.com\/fr\/wp-json\/wp\/v2\/users\/2"}],"replies":[{"embeddable":true,"href":"https:\/\/www.europesays.com\/fr\/wp-json\/wp\/v2\/comments?post=250397"}],"version-history":[{"count":0,"href":"https:\/\/www.europesays.com\/fr\/wp-json\/wp\/v2\/posts\/250397\/revisions"}],"wp:featuredmedia":[{"embeddable":true,"href":"https:\/\/www.europesays.com\/fr\/wp-json\/wp\/v2\/media\/250398"}],"wp:attachment":[{"href":"https:\/\/www.europesays.com\/fr\/wp-json\/wp\/v2\/media?parent=250397"}],"wp:term":[{"taxonomy":"category","embeddable":true,"href":"https:\/\/www.europesays.com\/fr\/wp-json\/wp\/v2\/categories?post=250397"},{"taxonomy":"post_tag","embeddable":true,"href":"https:\/\/www.europesays.com\/fr\/wp-json\/wp\/v2\/tags?post=250397"}],"curies":[{"name":"wp","href":"https:\/\/api.w.org\/{rel}","templated":true}]}}